{"id":7144,"date":"2019-07-28T13:34:30","date_gmt":"2019-07-28T11:34:30","guid":{"rendered":"http:\/\/lesmaconsdelacreuse.fr\/annuaire\/?p=7144"},"modified":"2022-12-13T15:50:56","modified_gmt":"2022-12-13T14:50:56","slug":"l_986","status":"publish","type":"post","link":"https:\/\/www.lesmaconsdelacreuse.fr\/annuaires\/lettre-l\/l_986\/","title":{"rendered":"LEGROS Antoine (vers 1647-entre 1703 et 1725)"},"content":{"rendered":"<p class=\"last-updated\"><strong>Mis \u00e0 jour le :<\/strong> 30\/04\/2026<\/p><h2 style=\"text-align: center;\"><strong>Antoine LEGROS<\/strong><\/h2>\n<p style=\"text-align: center;\"><strong>vers 1647 \u2013 entre 1703 et 1725<\/strong><\/p>\n<p style=\"text-align: center;\"><img decoding=\"async\" title=\"\" src=\"https:\/\/lesmaconsdelacreuse.fr\/annuaire\/wp-content\/uploads\/2019\/07\/image1-1851.jpg\" alt=\"\" data-source-id=\"i.0\" data-asset-id=\"7141\" \/><\/p>\n<h4 style=\"text-align: center;\"><span style=\"color: #008000;\"><strong>ma\u00e7on<\/strong> et <strong>marchand<\/strong>; <strong>laboureur <\/strong>et<strong> \u25ba<a href=\"https:\/\/www.lesmaconsdelacreuse.fr\/annuaires\/wp-content\/uploads\/2020\/08\/FERMIER-M\u00c9TAYER.png\" target=\"_blank\" rel=\"noopener noreferrer\"><span style=\"color: #008000;\">m\u00e9tayer<\/span><\/a><br \/>\n<\/strong><\/span><\/h4>\n<p>&nbsp;<\/p>\n<p style=\"text-align: center;\">fils de<\/p>\n<p style=\"text-align: center;\">L\u00e9onard LEGROS<\/p>\n<p style=\"text-align: center;\"><span style=\"color: #ffffff;\">\u25d9<\/span><\/p>\n<p><em>Antoine \u00e9pouse Jeanne <\/em><strong>GASPARD<\/strong><em> le 9 f\u00e9vrier <\/em><strong>1668<\/strong><em> \u00e0 Saint-Marc-\u00e0-Loubaud. Ils vivent au village de Rubeyne, paroisse de Roy\u00e8re.<\/em><\/p>\n<p><em> Jeanne y d\u00e9c\u00e8de le 18 octobre <\/em><strong>1689<\/strong><em>, \u00e2g\u00e9e d\u2019environ 40 ans. <\/em><\/p>\n<p><em>Antoine se remarie le 25 f\u00e9vrier <\/em><strong>1691<\/strong><em> \u00e0 Roy\u00e8re avec Germaine <\/em><strong>LEPORTIER<\/strong><em>, veuve de Jean CHASSAT. Ils vivent aussi \u00e0 Rubeyne.<\/em><\/p>\n<p><em>Germaine y d\u00e9c\u00e8de veuve le 28 septembre <\/em><strong>1727<\/strong><em>, \u00e2g\u00e9e de 80 ans environ.<\/em><\/p>\n<p>S17<\/p>\n<p>&nbsp;<\/p>\n","protected":false},"excerpt":{"rendered":"<p>Mis \u00e0 jour le : 30\/04\/2026Antoine LEGROS vers 1647 \u2013 entre 1703 et 1725 ma\u00e7on et marchand; laboureur et \u25bam\u00e9tayer &nbsp; fils de L\u00e9onard LEGROS \u25d9 Antoine \u00e9pouse Jeanne GASPARD le 9 f\u00e9vrier 1668 \u00e0 Saint-Marc-\u00e0-Loubaud. Ils vivent au village de Rubeyne, paroisse de Roy\u00e8re. Jeanne y d\u00e9c\u00e8de le 18 octobre 1689, \u00e2g\u00e9e d\u2019environ 40 ..<\/p>\n<div class=\"clear-fix\"><\/div>\n<p><a href=\"https:\/\/www.lesmaconsdelacreuse.fr\/annuaires\/lettre-l\/l_986\/\" title=\"Lire la suite...\">Lire la suite<\/a><\/p>\n","protected":false},"author":6,"featured_media":0,"comment_status":"closed","ping_status":"closed","sticky":false,"template":"","format":"standard","meta":{"_acf_changed":false,"_exactmetrics_skip_tracking":false,"_exactmetrics_sitenote_active":false,"_exactmetrics_sitenote_note":"","_exactmetrics_sitenote_category":0,"footnotes":""},"categories":[19],"tags":[],"class_list":["post-7144","post","type-post","status-publish","format-standard","hentry","category-lettre-l"],"acf":[],"_links":{"self":[{"href":"https:\/\/www.lesmaconsdelacreuse.fr\/annuaires\/wp-json\/wp\/v2\/posts\/7144","targetHints":{"allow":["GET"]}}],"collection":[{"href":"https:\/\/www.lesmaconsdelacreuse.fr\/annuaires\/wp-json\/wp\/v2\/posts"}],"about":[{"href":"https:\/\/www.lesmaconsdelacreuse.fr\/annuaires\/wp-json\/wp\/v2\/types\/post"}],"author":[{"embeddable":true,"href":"https:\/\/www.lesmaconsdelacreuse.fr\/annuaires\/wp-json\/wp\/v2\/users\/6"}],"replies":[{"embeddable":true,"href":"https:\/\/www.lesmaconsdelacreuse.fr\/annuaires\/wp-json\/wp\/v2\/comments?post=7144"}],"version-history":[{"count":1,"href":"https:\/\/www.lesmaconsdelacreuse.fr\/annuaires\/wp-json\/wp\/v2\/posts\/7144\/revisions"}],"predecessor-version":[{"id":203059,"href":"https:\/\/www.lesmaconsdelacreuse.fr\/annuaires\/wp-json\/wp\/v2\/posts\/7144\/revisions\/203059"}],"wp:attachment":[{"href":"https:\/\/www.lesmaconsdelacreuse.fr\/annuaires\/wp-json\/wp\/v2\/media?parent=7144"}],"wp:term":[{"taxonomy":"category","embeddable":true,"href":"https:\/\/www.lesmaconsdelacreuse.fr\/annuaires\/wp-json\/wp\/v2\/categories?post=7144"},{"taxonomy":"post_tag","embeddable":true,"href":"https:\/\/www.lesmaconsdelacreuse.fr\/annuaires\/wp-json\/wp\/v2\/tags?post=7144"}],"curies":[{"name":"wp","href":"https:\/\/api.w.org\/{rel}","templated":true}]}}