{"id":7148,"date":"2019-07-28T13:34:30","date_gmt":"2019-07-28T11:34:30","guid":{"rendered":"http:\/\/lesmaconsdelacreuse.fr\/annuaire\/?p=7148"},"modified":"2022-04-11T11:51:49","modified_gmt":"2022-04-11T09:51:49","slug":"l_942","status":"publish","type":"post","link":"https:\/\/www.lesmaconsdelacreuse.fr\/annuaires\/lettre-l\/l_942\/","title":{"rendered":"LEGER Jean (1860-1928)"},"content":{"rendered":"<p class=\"last-updated\"><strong>Mis \u00e0 jour le :<\/strong> 30\/04\/2026<\/p><h2 style=\"text-align: center;\"><strong>Jean L\u00c9GER<\/strong><\/h2>\n<p style=\"text-align: center;\"><strong>1860 \u2013 1928<\/strong><\/p>\n<p style=\"text-align: center;\"><img decoding=\"async\" title=\"\" src=\"https:\/\/lesmaconsdelacreuse.fr\/annuaire\/wp-content\/uploads\/2019\/07\/image1-1850.jpg\" alt=\"\" data-source-id=\"i.0\" data-asset-id=\"7139\" \/><\/p>\n<h4 style=\"text-align: center;\"><span style=\"color: #008000;\"><strong>ma\u00e7on<\/strong> et\u00a0<strong><em>\u25ba<a href=\"https:\/\/www.lesmaconsdelacreuse.fr\/annuaires\/wp-content\/uploads\/2020\/07\/FUMISTE.png\" target=\"_blank\" rel=\"noopener noreferrer\"><span style=\"color: #008000;\">fumiste<\/span><\/a><\/em><\/strong><\/span><\/h4>\n<p>&nbsp;<\/p>\n<p style=\"text-align: center;\">n\u00e9 au Feix (Roy\u00e8re)<\/p>\n<p style=\"text-align: center;\">le 23 d\u00e9cembre 1860<\/p>\n<p style=\"text-align: center;\">fils de<\/p>\n<p style=\"text-align: center;\">Fran\u00e7ois L\u00c9GER, <span style=\"color: #008000;\"><strong>ma\u00e7on <\/strong><\/span><strong>\/ <\/strong>Marie VIALATOUX<\/p>\n<p style=\"text-align: center;\">propri\u00e9taires cultivateurs<\/p>\n<p style=\"text-align: center;\"><span style=\"color: #ffffff;\">\u25d9<\/span><\/p>\n<p><strong>En 1881<\/strong>, <em>Jean passe le conseil de r\u00e9vision\u00a0: il est vers\u00e9 dans le service auxiliaire, \u00e0 cause d\u2019une ancienne luxation et raccourcissement d\u2019une jambe.<\/em><\/p>\n<p><strong>En 1883<\/strong><em>, Jean travaille \u00e0 <\/em><span style=\"color: #0000ff;\"><strong>Paris (75)<\/strong><\/span><em>\u00a0; il loge 95, rue Pouchet, puis 53, rue Tocqueville.<\/em><\/p>\n<p><em> Il \u00e9pouse Marie Rosalie <\/em><strong>L\u00c9GER<\/strong><em> le 7 f\u00e9vrier <\/em><strong>1884<\/strong><em> \u00e0 Roy\u00e8re (contrat Toumieux). Ils habitent La Mazure, m\u00eame commune.<\/em><\/p>\n<p><em>La m\u00eame ann\u00e9e, Jean est \u00e0 <\/em><span style=\"color: #0000ff;\"><strong>Limonest (69)<\/strong><\/span><em>, puis \u00e0 <\/em><span style=\"color: #0000ff;\"><strong>Oullins (69)<\/strong><\/span><em>, rue du Perron\u00a0;<\/em><\/p>\n<p><strong>en 1885<\/strong><em>, \u00e0 Paris, 4, rue Roussel\u00a0;<\/em><\/p>\n<p><strong>en 1887<\/strong><em>, 95, rue Pouchet, aussi \u00e0 Paris\u00a0;<\/em><\/p>\n<p><strong>en 1889<\/strong><em><strong>,<\/strong> \u00e0 <\/em><span style=\"color: #0000ff;\"><strong>Clichy (92)<\/strong><\/span><em>, 21, rue Morel, puis \u00e0 Paris, 59, quai des Arts.<\/em><\/p>\n<p><strong>En 1928<\/strong><em>, les \u00e9poux habitent <\/em><span style=\"color: #0000ff;\"><strong>Bernay (77)<\/strong><\/span><\/p>\n<p><em>\u00a0<\/em><em>Jean d\u00e9c\u00e8de le 7 mai de la m\u00eame ann\u00e9e \u00e0 l\u2019H\u00f4pital Saint-Honor\u00e9, Paris 8<sup>e<\/sup>, \u00e2g\u00e9 de 67 ans.<\/em><\/p>\n<p>&nbsp;<\/p>\n","protected":false},"excerpt":{"rendered":"<p>Mis \u00e0 jour le : 30\/04\/2026Jean L\u00c9GER 1860 \u2013 1928 ma\u00e7on et\u00a0\u25bafumiste &nbsp; n\u00e9 au Feix (Roy\u00e8re) le 23 d\u00e9cembre 1860 fils de Fran\u00e7ois L\u00c9GER, ma\u00e7on \/ Marie VIALATOUX propri\u00e9taires cultivateurs \u25d9 En 1881, Jean passe le conseil de r\u00e9vision\u00a0: il est vers\u00e9 dans le service auxiliaire, \u00e0 cause d\u2019une ancienne luxation et raccourcissement d\u2019une ..<\/p>\n<div class=\"clear-fix\"><\/div>\n<p><a href=\"https:\/\/www.lesmaconsdelacreuse.fr\/annuaires\/lettre-l\/l_942\/\" title=\"Lire la suite...\">Lire la suite<\/a><\/p>\n","protected":false},"author":6,"featured_media":0,"comment_status":"closed","ping_status":"closed","sticky":false,"template":"","format":"standard","meta":{"_acf_changed":false,"_exactmetrics_skip_tracking":false,"_exactmetrics_sitenote_active":false,"_exactmetrics_sitenote_note":"","_exactmetrics_sitenote_category":0,"footnotes":""},"categories":[19],"tags":[],"class_list":["post-7148","post","type-post","status-publish","format-standard","hentry","category-lettre-l"],"acf":[],"_links":{"self":[{"href":"https:\/\/www.lesmaconsdelacreuse.fr\/annuaires\/wp-json\/wp\/v2\/posts\/7148","targetHints":{"allow":["GET"]}}],"collection":[{"href":"https:\/\/www.lesmaconsdelacreuse.fr\/annuaires\/wp-json\/wp\/v2\/posts"}],"about":[{"href":"https:\/\/www.lesmaconsdelacreuse.fr\/annuaires\/wp-json\/wp\/v2\/types\/post"}],"author":[{"embeddable":true,"href":"https:\/\/www.lesmaconsdelacreuse.fr\/annuaires\/wp-json\/wp\/v2\/users\/6"}],"replies":[{"embeddable":true,"href":"https:\/\/www.lesmaconsdelacreuse.fr\/annuaires\/wp-json\/wp\/v2\/comments?post=7148"}],"version-history":[{"count":2,"href":"https:\/\/www.lesmaconsdelacreuse.fr\/annuaires\/wp-json\/wp\/v2\/posts\/7148\/revisions"}],"predecessor-version":[{"id":197384,"href":"https:\/\/www.lesmaconsdelacreuse.fr\/annuaires\/wp-json\/wp\/v2\/posts\/7148\/revisions\/197384"}],"wp:attachment":[{"href":"https:\/\/www.lesmaconsdelacreuse.fr\/annuaires\/wp-json\/wp\/v2\/media?parent=7148"}],"wp:term":[{"taxonomy":"category","embeddable":true,"href":"https:\/\/www.lesmaconsdelacreuse.fr\/annuaires\/wp-json\/wp\/v2\/categories?post=7148"},{"taxonomy":"post_tag","embeddable":true,"href":"https:\/\/www.lesmaconsdelacreuse.fr\/annuaires\/wp-json\/wp\/v2\/tags?post=7148"}],"curies":[{"name":"wp","href":"https:\/\/api.w.org\/{rel}","templated":true}]}}