{"id":7156,"date":"2019-07-28T13:34:30","date_gmt":"2019-07-28T11:34:30","guid":{"rendered":"http:\/\/lesmaconsdelacreuse.fr\/annuaire\/?p=7156"},"modified":"2020-09-29T11:03:26","modified_gmt":"2020-09-29T09:03:26","slug":"l_934","status":"publish","type":"post","link":"https:\/\/www.lesmaconsdelacreuse.fr\/annuaires\/lettre-l\/l_934\/","title":{"rendered":"LEGER Fran\u00e7ois (1837-apr\u00e8s 1897)"},"content":{"rendered":"<p class=\"last-updated\"><strong>Mis \u00e0 jour le :<\/strong> 30\/04\/2026<\/p><h2 style=\"text-align: center;\"><strong>Fran\u00e7ois L\u00c9GER<\/strong><\/h2>\n<p style=\"text-align: center;\"><strong>1837 \u2013 apr\u00e8s 1897<\/strong><\/p>\n<p style=\"text-align: center;\"><img decoding=\"async\" title=\"\" src=\"https:\/\/lesmaconsdelacreuse.fr\/annuaire\/wp-content\/uploads\/2019\/07\/image1-1855.jpg\" alt=\"\" data-source-id=\"i.0\" data-asset-id=\"7152\" \/><\/p>\n<h4 style=\"text-align: center;\"><span style=\"color: #008000;\"><strong>ma\u00e7on<\/strong><\/span><em>, <\/em><span style=\"color: #008000;\"><strong>tisseur<\/strong><\/span><\/h4>\n<p>&nbsp;<\/p>\n<p style=\"text-align: center;\">n\u00e9 \u00e0 Vergnolas (Roy\u00e8re)<\/p>\n<p style=\"text-align: center;\">le 30 septembre 1837<\/p>\n<p style=\"text-align: center;\">fils de<\/p>\n<p style=\"text-align: center;\">Jean L\u00c9GER, <span style=\"color: #008000;\"><strong>ma\u00e7on<\/strong><\/span><\/p>\n<p style=\"text-align: center;\">L\u00e9onarde MARTINAUD, cultivatrice<\/p>\n<p style=\"text-align: center;\"><span style=\"color: #ffffff;\">\u25d9<\/span><\/p>\n<p>\u25ba<span style=\"color: #000000;\"><strong><a style=\"color: #000000;\" href=\"https:\/\/www.lesmaconsdelacreuse.fr\/annuaires\/\/wp-content\/uploads\/DOCUMENTS\/1867_-_Francois_et_Jean_LEGER_a_Cuire.pdf\" target=\"_blank\" rel=\"noopener noreferrer\">En 1867<\/a> et 1868<\/strong><\/span><em>, Fran\u00e7ois, c\u00e9libataire, habite <\/em><span style=\"color: #0000ff;\"><strong>Cuire (69)<\/strong><em>. <\/em><\/span><\/p>\n<p><strong>De 1858 \u00e0 1897<\/strong><em><strong>,<\/strong> il est sans domicile fixe \u00e0 Lyon (69), puis 17, rue Moncey, 3e arrondissement.<\/em><\/p>\n<p><em>Durant ce laps de temps,, il est incarc\u00e9r\u00e9 \u00e0 la \u25ba<a href=\"https:\/\/www.lesmaconsdelacreuse.fr\/annuaires\/wp-content\/uploads\/2020\/08\/PRISON-SAINT-PAUL.png\" target=\"_blank\" rel=\"noopener noreferrer\">prison Saint-Paul<\/a> et \u00e0 la <a href=\"https:\/\/www.lesmaconsdelacreuse.fr\/annuaires\/\/wp-content\/uploads\/LEXIQUE\/PRISON_SAINT-JOSEPH.pdf\" target=\"_blank\" rel=\"noopener noreferrer\">\u25ba<\/a><a href=\"https:\/\/www.lesmaconsdelacreuse.fr\/annuaires\/wp-content\/uploads\/2020\/07\/PRISON-SAINT-JOSEPH.png\" target=\"_blank\" rel=\"noopener noreferrer\">prison Saint-Joseph<\/a>, pas moins de 48 fois, pour mendicit\u00e9, \u25ba<a href=\"https:\/\/www.lesmaconsdelacreuse.fr\/annuaires\/wp-content\/uploads\/2019\/08\/RUPTURE-DE-BAN.png\" target=\"_blank\" rel=\"noopener noreferrer\"> rupture de ban<\/a>, escroquerie, <strong>\u25ba<\/strong><a href=\"https:\/\/www.lesmaconsdelacreuse.fr\/annuaires\/wp-content\/uploads\/2019\/08\/FILOUTERIE.png\" target=\"_blank\" rel=\"noopener noreferrer\">filouterie<\/a>, \u25ba<a href=\"https:\/\/www.lesmaconsdelacreuse.fr\/annuaires\/wp-content\/uploads\/2020\/08\/VAGABONDAGE.png\" target=\"_blank\" rel=\"noopener noreferrer\">vagabondage<\/a>, injures, outrages, r\u00e9bellion et menaces envers agents, excitation \u00e0 la gr\u00e8ve, ivresse et voies de fait.<\/em><\/p>\n<p>&nbsp;<\/p>\n","protected":false},"excerpt":{"rendered":"<p>Mis \u00e0 jour le : 30\/04\/2026Fran\u00e7ois L\u00c9GER 1837 \u2013 apr\u00e8s 1897 ma\u00e7on, tisseur &nbsp; n\u00e9 \u00e0 Vergnolas (Roy\u00e8re) le 30 septembre 1837 fils de Jean L\u00c9GER, ma\u00e7on L\u00e9onarde MARTINAUD, cultivatrice \u25d9 \u25baEn 1867 et 1868, Fran\u00e7ois, c\u00e9libataire, habite Cuire (69). De 1858 \u00e0 1897, il est sans domicile fixe \u00e0 Lyon (69), puis 17, rue ..<\/p>\n<div class=\"clear-fix\"><\/div>\n<p><a href=\"https:\/\/www.lesmaconsdelacreuse.fr\/annuaires\/lettre-l\/l_934\/\" title=\"Lire la suite...\">Lire la suite<\/a><\/p>\n","protected":false},"author":6,"featured_media":0,"comment_status":"closed","ping_status":"closed","sticky":false,"template":"","format":"standard","meta":{"_acf_changed":false,"_exactmetrics_skip_tracking":false,"_exactmetrics_sitenote_active":false,"_exactmetrics_sitenote_note":"","_exactmetrics_sitenote_category":0,"footnotes":""},"categories":[19],"tags":[],"class_list":["post-7156","post","type-post","status-publish","format-standard","hentry","category-lettre-l"],"acf":[],"_links":{"self":[{"href":"https:\/\/www.lesmaconsdelacreuse.fr\/annuaires\/wp-json\/wp\/v2\/posts\/7156","targetHints":{"allow":["GET"]}}],"collection":[{"href":"https:\/\/www.lesmaconsdelacreuse.fr\/annuaires\/wp-json\/wp\/v2\/posts"}],"about":[{"href":"https:\/\/www.lesmaconsdelacreuse.fr\/annuaires\/wp-json\/wp\/v2\/types\/post"}],"author":[{"embeddable":true,"href":"https:\/\/www.lesmaconsdelacreuse.fr\/annuaires\/wp-json\/wp\/v2\/users\/6"}],"replies":[{"embeddable":true,"href":"https:\/\/www.lesmaconsdelacreuse.fr\/annuaires\/wp-json\/wp\/v2\/comments?post=7156"}],"version-history":[{"count":0,"href":"https:\/\/www.lesmaconsdelacreuse.fr\/annuaires\/wp-json\/wp\/v2\/posts\/7156\/revisions"}],"wp:attachment":[{"href":"https:\/\/www.lesmaconsdelacreuse.fr\/annuaires\/wp-json\/wp\/v2\/media?parent=7156"}],"wp:term":[{"taxonomy":"category","embeddable":true,"href":"https:\/\/www.lesmaconsdelacreuse.fr\/annuaires\/wp-json\/wp\/v2\/categories?post=7156"},{"taxonomy":"post_tag","embeddable":true,"href":"https:\/\/www.lesmaconsdelacreuse.fr\/annuaires\/wp-json\/wp\/v2\/tags?post=7156"}],"curies":[{"name":"wp","href":"https:\/\/api.w.org\/{rel}","templated":true}]}}