{"id":7161,"date":"2019-07-28T13:34:29","date_gmt":"2019-07-28T11:34:29","guid":{"rendered":"http:\/\/lesmaconsdelacreuse.fr\/annuaire\/?p=7161"},"modified":"2020-08-23T11:30:27","modified_gmt":"2020-08-23T09:30:27","slug":"l_933","status":"publish","type":"post","link":"https:\/\/www.lesmaconsdelacreuse.fr\/annuaires\/lettre-l\/l_933\/","title":{"rendered":"LEGER Fran\u00e7ois (1824-1902)"},"content":{"rendered":"<p class=\"last-updated\"><strong>Mis \u00e0 jour le :<\/strong> 30\/04\/2026<\/p><h2 style=\"text-align: center;\"><strong>Fran\u00e7ois L\u00c9GER<\/strong><\/h2>\n<p style=\"text-align: center;\"><strong>1824 \u2013 1902<\/strong><\/p>\n<p style=\"text-align: center;\"><img decoding=\"async\" title=\"\" src=\"https:\/\/lesmaconsdelacreuse.fr\/annuaire\/wp-content\/uploads\/2019\/07\/image1-1857.jpg\" alt=\"\" data-source-id=\"i.0\" data-asset-id=\"7158\" \/><\/p>\n<h4 style=\"text-align: center;\"><span style=\"color: #008000;\"><strong>ma\u00e7on<\/strong> et <strong>propri\u00e9taire cultivateur<\/strong><\/span><\/h4>\n<p style=\"text-align: center;\">n\u00e9 au Feix (Roy\u00e8re)<\/p>\n<p style=\"text-align: center;\">le 3 d\u00e9cembre 1824<\/p>\n<p style=\"text-align: center;\">fils de<\/p>\n<p style=\"text-align: center;\">Fran\u00e7ois L\u00c9GER, <span style=\"color: #008000;\"><strong>ma\u00e7on<\/strong><\/span><\/p>\n<p style=\"text-align: center;\">Anne MOREAU, cultivatrice<\/p>\n<p style=\"text-align: center;\"><span style=\"color: #ffffff;\">\u25d9<\/span><\/p>\n<p><em>Fran\u00e7ois \u00e9pouse Marie <\/em><strong>VIALATOUX <\/strong><em>le 29 janvier <\/em><strong>1857<\/strong><em> \u00e0 Roy\u00e8re (contrat Faure \u00e0 Saint-Martin-Ch\u00e2teau).<\/em><\/p>\n<p><em> Ils vivent au Feix, puis \u00e0 Arpeix.<\/em><\/p>\n<p><em> Ils d\u00e9c\u00e8dent \u00e0 La Mazure\u00a0:<\/em><\/p>\n<ul>\n<li><em>Fran\u00e7ois, le 17 mai <\/em><strong>1902<\/strong><em>, \u00e2g\u00e9 de 77 ans<\/em><\/li>\n<li><em>Marie, le 22 septembre <\/em><strong>1907<\/strong><em>, \u00e2g\u00e9e de 68 ans<\/em><\/li>\n<\/ul>\n","protected":false},"excerpt":{"rendered":"<p>Mis \u00e0 jour le : 30\/04\/2026Fran\u00e7ois L\u00c9GER 1824 \u2013 1902 ma\u00e7on et propri\u00e9taire cultivateur n\u00e9 au Feix (Roy\u00e8re) le 3 d\u00e9cembre 1824 fils de Fran\u00e7ois L\u00c9GER, ma\u00e7on Anne MOREAU, cultivatrice \u25d9 Fran\u00e7ois \u00e9pouse Marie VIALATOUX le 29 janvier 1857 \u00e0 Roy\u00e8re (contrat Faure \u00e0 Saint-Martin-Ch\u00e2teau). Ils vivent au Feix, puis \u00e0 Arpeix. Ils d\u00e9c\u00e8dent \u00e0 ..<\/p>\n<div class=\"clear-fix\"><\/div>\n<p><a href=\"https:\/\/www.lesmaconsdelacreuse.fr\/annuaires\/lettre-l\/l_933\/\" title=\"Lire la suite...\">Lire la suite<\/a><\/p>\n","protected":false},"author":6,"featured_media":0,"comment_status":"closed","ping_status":"closed","sticky":false,"template":"","format":"standard","meta":{"_acf_changed":false,"_exactmetrics_skip_tracking":false,"_exactmetrics_sitenote_active":false,"_exactmetrics_sitenote_note":"","_exactmetrics_sitenote_category":0,"footnotes":""},"categories":[19],"tags":[],"class_list":["post-7161","post","type-post","status-publish","format-standard","hentry","category-lettre-l"],"acf":[],"_links":{"self":[{"href":"https:\/\/www.lesmaconsdelacreuse.fr\/annuaires\/wp-json\/wp\/v2\/posts\/7161","targetHints":{"allow":["GET"]}}],"collection":[{"href":"https:\/\/www.lesmaconsdelacreuse.fr\/annuaires\/wp-json\/wp\/v2\/posts"}],"about":[{"href":"https:\/\/www.lesmaconsdelacreuse.fr\/annuaires\/wp-json\/wp\/v2\/types\/post"}],"author":[{"embeddable":true,"href":"https:\/\/www.lesmaconsdelacreuse.fr\/annuaires\/wp-json\/wp\/v2\/users\/6"}],"replies":[{"embeddable":true,"href":"https:\/\/www.lesmaconsdelacreuse.fr\/annuaires\/wp-json\/wp\/v2\/comments?post=7161"}],"version-history":[{"count":0,"href":"https:\/\/www.lesmaconsdelacreuse.fr\/annuaires\/wp-json\/wp\/v2\/posts\/7161\/revisions"}],"wp:attachment":[{"href":"https:\/\/www.lesmaconsdelacreuse.fr\/annuaires\/wp-json\/wp\/v2\/media?parent=7161"}],"wp:term":[{"taxonomy":"category","embeddable":true,"href":"https:\/\/www.lesmaconsdelacreuse.fr\/annuaires\/wp-json\/wp\/v2\/categories?post=7161"},{"taxonomy":"post_tag","embeddable":true,"href":"https:\/\/www.lesmaconsdelacreuse.fr\/annuaires\/wp-json\/wp\/v2\/tags?post=7161"}],"curies":[{"name":"wp","href":"https:\/\/api.w.org\/{rel}","templated":true}]}}