{"id":7165,"date":"2019-07-28T13:34:29","date_gmt":"2019-07-28T11:34:29","guid":{"rendered":"http:\/\/lesmaconsdelacreuse.fr\/annuaire\/?p=7165"},"modified":"2022-12-12T15:44:38","modified_gmt":"2022-12-12T14:44:38","slug":"l_966","status":"publish","type":"post","link":"https:\/\/www.lesmaconsdelacreuse.fr\/annuaires\/lettre-l\/l_966\/","title":{"rendered":"LEGRAND L\u00e9onard (vers 1635-1695)"},"content":{"rendered":"<p class=\"last-updated\"><strong>Mis \u00e0 jour le :<\/strong> 30\/04\/2026<\/p><h2 style=\"text-align: center;\"><strong>L\u00e9onard LEGRAND<\/strong><\/h2>\n<p style=\"text-align: center;\"><strong>vers 1635 \u2013 1695<\/strong><\/p>\n<p style=\"text-align: center;\"><img decoding=\"async\" title=\"\" src=\"https:\/\/lesmaconsdelacreuse.fr\/annuaire\/wp-content\/uploads\/2019\/07\/image1-1859.jpg\" alt=\"\" data-source-id=\"i.0\" data-asset-id=\"7160\" \/><\/p>\n<h4 style=\"text-align: center;\"><span style=\"color: #008000;\"><strong>ma\u00e7on <\/strong>et<strong> laboureur<\/strong><\/span><\/h4>\n<p>&nbsp;<\/p>\n<p style=\"text-align: center;\">n\u00e9 au Feix (Roy\u00e8re)\u00a0?<\/p>\n<p style=\"text-align: center;\">vers 1635<\/p>\n<p style=\"text-align: center;\">fils de<\/p>\n<p style=\"text-align: center;\">Antoine LEGRAND \/ L\u00e9onarde LENOIR<\/p>\n<p style=\"text-align: center;\"><span style=\"color: #ffffff;\">\u25d9<\/span><\/p>\n<p><em>L\u00e9onard \u00e9pouse L\u00e9onarde <\/em><strong>BLANCHON<\/strong><em> le 14 f\u00e9vrier <\/em><strong>1670<\/strong> <em>\u00e0 Gentioux (date du \u25ba<a href=\"https:\/\/www.lesmaconsdelacreuse.fr\/annuaires\/wp-content\/uploads\/2020\/08\/CONG\u00c9-ou-REMISE.png\" target=\"_blank\" rel=\"noopener noreferrer\">cong\u00e9<\/a>). Ils habitent Le Feix.<\/em><\/p>\n<p><em>L\u00e9onarde y d\u00e9c\u00e8de le 1er mai <\/em><strong>1682<\/strong><em>, \u00e2g\u00e9e de 34 ans environ. <\/em><\/p>\n<p><em>L\u00e9onard se remarie le 14 ao\u00fbt suivant<\/em> <em>\u00e0 Gentioux avec Jeanne <\/em><strong>P\u00c9NIGUET<\/strong><em>.<\/em><\/p>\n<p><em> Il d\u00e9c\u00e8de au Feix le 3 mai <\/em><strong>1695<\/strong><em>, \u00e2g\u00e9 de 60 ans environ.<\/em><\/p>\n<p>S17<\/p>\n<p>&nbsp;<\/p>\n","protected":false},"excerpt":{"rendered":"<p>Mis \u00e0 jour le : 30\/04\/2026L\u00e9onard LEGRAND vers 1635 \u2013 1695 ma\u00e7on et laboureur &nbsp; n\u00e9 au Feix (Roy\u00e8re)\u00a0? vers 1635 fils de Antoine LEGRAND \/ L\u00e9onarde LENOIR \u25d9 L\u00e9onard \u00e9pouse L\u00e9onarde BLANCHON le 14 f\u00e9vrier 1670 \u00e0 Gentioux (date du \u25bacong\u00e9). Ils habitent Le Feix. L\u00e9onarde y d\u00e9c\u00e8de le 1er mai 1682, \u00e2g\u00e9e de ..<\/p>\n<div class=\"clear-fix\"><\/div>\n<p><a href=\"https:\/\/www.lesmaconsdelacreuse.fr\/annuaires\/lettre-l\/l_966\/\" title=\"Lire la suite...\">Lire la suite<\/a><\/p>\n","protected":false},"author":6,"featured_media":0,"comment_status":"closed","ping_status":"closed","sticky":false,"template":"","format":"standard","meta":{"_acf_changed":false,"_exactmetrics_skip_tracking":false,"_exactmetrics_sitenote_active":false,"_exactmetrics_sitenote_note":"","_exactmetrics_sitenote_category":0,"footnotes":""},"categories":[19],"tags":[],"class_list":["post-7165","post","type-post","status-publish","format-standard","hentry","category-lettre-l"],"acf":[],"_links":{"self":[{"href":"https:\/\/www.lesmaconsdelacreuse.fr\/annuaires\/wp-json\/wp\/v2\/posts\/7165","targetHints":{"allow":["GET"]}}],"collection":[{"href":"https:\/\/www.lesmaconsdelacreuse.fr\/annuaires\/wp-json\/wp\/v2\/posts"}],"about":[{"href":"https:\/\/www.lesmaconsdelacreuse.fr\/annuaires\/wp-json\/wp\/v2\/types\/post"}],"author":[{"embeddable":true,"href":"https:\/\/www.lesmaconsdelacreuse.fr\/annuaires\/wp-json\/wp\/v2\/users\/6"}],"replies":[{"embeddable":true,"href":"https:\/\/www.lesmaconsdelacreuse.fr\/annuaires\/wp-json\/wp\/v2\/comments?post=7165"}],"version-history":[{"count":1,"href":"https:\/\/www.lesmaconsdelacreuse.fr\/annuaires\/wp-json\/wp\/v2\/posts\/7165\/revisions"}],"predecessor-version":[{"id":202984,"href":"https:\/\/www.lesmaconsdelacreuse.fr\/annuaires\/wp-json\/wp\/v2\/posts\/7165\/revisions\/202984"}],"wp:attachment":[{"href":"https:\/\/www.lesmaconsdelacreuse.fr\/annuaires\/wp-json\/wp\/v2\/media?parent=7165"}],"wp:term":[{"taxonomy":"category","embeddable":true,"href":"https:\/\/www.lesmaconsdelacreuse.fr\/annuaires\/wp-json\/wp\/v2\/categories?post=7165"},{"taxonomy":"post_tag","embeddable":true,"href":"https:\/\/www.lesmaconsdelacreuse.fr\/annuaires\/wp-json\/wp\/v2\/tags?post=7165"}],"curies":[{"name":"wp","href":"https:\/\/api.w.org\/{rel}","templated":true}]}}