{"id":7167,"date":"2019-07-28T13:34:29","date_gmt":"2019-07-28T11:34:29","guid":{"rendered":"http:\/\/lesmaconsdelacreuse.fr\/annuaire\/?p=7167"},"modified":"2020-01-20T11:28:35","modified_gmt":"2020-01-20T10:28:35","slug":"l_993","status":"publish","type":"post","link":"https:\/\/www.lesmaconsdelacreuse.fr\/annuaires\/lettre-l\/l_993\/","title":{"rendered":"LEGROS Antoine (1866-1941)"},"content":{"rendered":"<p class=\"last-updated\"><strong>Mis \u00e0 jour le :<\/strong> 30\/04\/2026<\/p><h2 style=\"text-align: center;\"><strong>Antoine LEGROS<\/strong><\/h2>\n<p style=\"text-align: center;\"><strong>1866 \u2013 1941<\/strong><\/p>\n<p style=\"text-align: center;\"><img loading=\"lazy\" decoding=\"async\" class=\"\" title=\"\" src=\"https:\/\/lesmaconsdelacreuse.fr\/annuaire\/wp-content\/uploads\/2019\/07\/image1-1860.jpg\" alt=\"\" width=\"435\" height=\"103\" data-source-id=\"i.0\" data-asset-id=\"7162\" \/><\/p>\n<h4 style=\"text-align: center;\"><span style=\"color: #008000;\"><strong>ma\u00e7on<\/strong> et <strong>cultivateur<\/strong><\/span><\/h4>\n<p style=\"text-align: center;\">n\u00e9 \u00e0 Arfeuille (Roy\u00e8re)<\/p>\n<p style=\"text-align: center;\">le 8 octobre 1866<\/p>\n<p style=\"text-align: center;\">fils de<\/p>\n<p style=\"text-align: center;\">Joseph LEGROS, <span style=\"color: #008000;\"><strong>ma\u00e7on <\/strong><\/span><strong>\/ <\/strong>Marie MOUNAUD<\/p>\n<p style=\"text-align: center;\">propri\u00e9taires cultivateurs<\/p>\n<p style=\"text-align: center;\"><span style=\"color: #ffffff;\">\u25d9<\/span><\/p>\n<p><em>Antoine travaille \u00e0 <\/em><span style=\"color: #0000ff;\"><strong>Paris (75)<\/strong><\/span><em> et loge\u00a0:<\/em><\/p>\n<p><strong>en 1890<\/strong><em>, 13, rue Bud\u00e9\u00a0;<\/em><\/p>\n<p><strong>de 1891 \u00e0 1894<\/strong><em>, 725, rue Tocqueville.<\/em><\/p>\n<p><em> Il \u00e9pouse Marie-Eug\u00e9nie <\/em><strong>DUDITLIEU<\/strong><em> le 16 f\u00e9vrier <\/em><strong>1895<\/strong><em> \u00e0 Roy\u00e8re (contrat Toumieux \u00e0 Roy\u00e8re). Ils vivent \u00e0 Pramy, commune de Saint-Pierre-le-Bost.<\/em><\/p>\n<p><em>Antoine continue \u00e0 travailler \u00e0 Paris\u00a0:<\/em><\/p>\n<p><em>la m\u00eame ann\u00e9e, il loge rue Cardinet.<\/em><\/p>\n<p><em> Marie Eug\u00e9nie d\u00e9c\u00e8de \u00e0 Pramy le 28 novembre <\/em><strong>1899<\/strong><em>, \u00e2g\u00e9e de 28 ans.<\/em><\/p>\n<p><strong>En 1900<\/strong><em>, Antoine, de nouveau \u00e0 Paris, loge 53, rue Tocqueville.<\/em><\/p>\n<p><em> Il se remarie avec Adelphine Hortense <\/em><strong>BUSSI\u00c8RE<\/strong><em> le 21 mars <\/em><strong>1901<\/strong><em> \u00e0 Saint-Pierre-le-Bost. <\/em><\/p>\n<p><em>Il continue \u00e0 travailler \u00e0 Paris\u00a0:<\/em><\/p>\n<p><em>la m\u00eame ann\u00e9e, il est 72, rue Tocqueville\u00a0;<\/em><\/p>\n<p><strong>en 1902<\/strong><em>, 27, rue Berz\u00e9lius\u00a0;<\/em><\/p>\n<p><strong>en 1905<\/strong><em>, 129, rue Lamarck dans le 18e arrondissement.<\/em><\/p>\n<p><strong>De 1924 \u00e0 1927<\/strong> <em>au moins, les \u00e9poux habitent 258, rue Marcadet.<\/em><\/p>\n<p><em>Ils d\u00e9c\u00e8dent, tous deux \u00e2g\u00e9s de 75 ans\u00a0:<\/em><\/p>\n<ul>\n<li><em>Antoine, \u00e0 la clinique de Bourganeuf, le 16 octobre <\/em><strong>1941<\/strong><\/li>\n<li><em>Adelphine, \u00e0 La Brousse, commune de Saint-Pierre, le 17 f\u00e9vrier <\/em><strong>1950<\/strong><\/li>\n<\/ul>\n","protected":false},"excerpt":{"rendered":"<p>Mis \u00e0 jour le : 30\/04\/2026Antoine LEGROS 1866 \u2013 1941 ma\u00e7on et cultivateur n\u00e9 \u00e0 Arfeuille (Roy\u00e8re) le 8 octobre 1866 fils de Joseph LEGROS, ma\u00e7on \/ Marie MOUNAUD propri\u00e9taires cultivateurs \u25d9 Antoine travaille \u00e0 Paris (75) et loge\u00a0: en 1890, 13, rue Bud\u00e9\u00a0; de 1891 \u00e0 1894, 725, rue Tocqueville. Il \u00e9pouse Marie-Eug\u00e9nie DUDITLIEU ..<\/p>\n<div class=\"clear-fix\"><\/div>\n<p><a href=\"https:\/\/www.lesmaconsdelacreuse.fr\/annuaires\/lettre-l\/l_993\/\" title=\"Lire la suite...\">Lire la suite<\/a><\/p>\n","protected":false},"author":6,"featured_media":0,"comment_status":"closed","ping_status":"closed","sticky":false,"template":"","format":"standard","meta":{"_acf_changed":false,"_exactmetrics_skip_tracking":false,"_exactmetrics_sitenote_active":false,"_exactmetrics_sitenote_note":"","_exactmetrics_sitenote_category":0,"footnotes":""},"categories":[19],"tags":[],"class_list":["post-7167","post","type-post","status-publish","format-standard","hentry","category-lettre-l"],"acf":[],"_links":{"self":[{"href":"https:\/\/www.lesmaconsdelacreuse.fr\/annuaires\/wp-json\/wp\/v2\/posts\/7167","targetHints":{"allow":["GET"]}}],"collection":[{"href":"https:\/\/www.lesmaconsdelacreuse.fr\/annuaires\/wp-json\/wp\/v2\/posts"}],"about":[{"href":"https:\/\/www.lesmaconsdelacreuse.fr\/annuaires\/wp-json\/wp\/v2\/types\/post"}],"author":[{"embeddable":true,"href":"https:\/\/www.lesmaconsdelacreuse.fr\/annuaires\/wp-json\/wp\/v2\/users\/6"}],"replies":[{"embeddable":true,"href":"https:\/\/www.lesmaconsdelacreuse.fr\/annuaires\/wp-json\/wp\/v2\/comments?post=7167"}],"version-history":[{"count":0,"href":"https:\/\/www.lesmaconsdelacreuse.fr\/annuaires\/wp-json\/wp\/v2\/posts\/7167\/revisions"}],"wp:attachment":[{"href":"https:\/\/www.lesmaconsdelacreuse.fr\/annuaires\/wp-json\/wp\/v2\/media?parent=7167"}],"wp:term":[{"taxonomy":"category","embeddable":true,"href":"https:\/\/www.lesmaconsdelacreuse.fr\/annuaires\/wp-json\/wp\/v2\/categories?post=7167"},{"taxonomy":"post_tag","embeddable":true,"href":"https:\/\/www.lesmaconsdelacreuse.fr\/annuaires\/wp-json\/wp\/v2\/tags?post=7167"}],"curies":[{"name":"wp","href":"https:\/\/api.w.org\/{rel}","templated":true}]}}