{"id":7172,"date":"2019-07-28T13:34:29","date_gmt":"2019-07-28T11:34:29","guid":{"rendered":"http:\/\/lesmaconsdelacreuse.fr\/annuaire\/?p=7172"},"modified":"2020-02-11T12:11:09","modified_gmt":"2020-02-11T11:11:09","slug":"l_880","status":"publish","type":"post","link":"https:\/\/www.lesmaconsdelacreuse.fr\/annuaires\/lettre-l\/l_880\/","title":{"rendered":"LECLERC Marcel \u00c9mile (1907-1956)"},"content":{"rendered":"<p class=\"last-updated\"><strong>Mis \u00e0 jour le :<\/strong> 30\/04\/2026<\/p><h2 style=\"text-align: center;\"><strong>Marcel \u00c9mile LECLERC<\/strong><\/h2>\n<p style=\"text-align: center;\"><strong>Marcel LECLERC<\/strong><\/p>\n<p style=\"text-align: center;\"><strong>1907 \u2013 1956<\/strong><\/p>\n<p style=\"text-align: center;\"><img decoding=\"async\" title=\"\" src=\"https:\/\/lesmaconsdelacreuse.fr\/annuaire\/wp-content\/uploads\/2019\/07\/image1-1862.jpg\" alt=\"\" data-source-id=\"i.0\" data-asset-id=\"7170\" \/><\/p>\n<h4 style=\"text-align: center;\"><span style=\"color: #008000;\"><strong>entrepreneur de ma\u00e7onnerie<\/strong><\/span><\/h4>\n<p style=\"text-align: center;\">n\u00e9 \u00e0 Lyon 6e<\/p>\n<p style=\"text-align: center;\">le 6 juillet 1907<\/p>\n<p style=\"text-align: center;\">fils de<\/p>\n<p style=\"text-align: center;\">Jean Henri LECLERC, <span style=\"color: #008000;\"><strong>entrepreneur de ma\u00e7onnerie<\/strong><\/span><\/p>\n<p style=\"text-align: center;\">Louise Ad\u00e9la\u00efde SAUTOUR<\/p>\n<p style=\"text-align: center;\"><span style=\"color: #ffffff;\">\u25d9<\/span><\/p>\n<p><strong>En 1928<\/strong><em>, \u25ba<a target=\"_blank\"href=\"https:\/\/www.lesmaconsdelacreuse.fr\/annuaires\/\/wp-content\/uploads\/PHOTOS_-_CARTES_POSTALES\/LECLERC_Marcel_Henri.jpg\">Marcel<\/a> est <\/em><span style=\"color: #008000;\"><strong>entrepreneur<\/strong><em> \u00e0 <\/em><strong>Lyon (69)<\/strong><\/span><em>, et habite 123, rue Cuvier, avec sa m\u00e8re.<\/em><\/p>\n<p><em>Il \u00e9pouse Suzanne <\/em><strong>BLANCHON<\/strong><em> le 24 mars de la m\u00eame ann\u00e9e \u00e0 Saint-Pierre-le-Bost (contrat Toumieux). Ils habitent \u00e0 la m\u00eame adresse.<\/em><\/p>\n<p><strong>En 1931<\/strong><em>, ils habitent \u00e0 l\u2019adresse de 1928.<\/em><\/p>\n<p><strong>En 1941<\/strong><em>, ils divorcent. <\/em><\/p>\n<p><em>Marcel d\u00e9c\u00e8de \u00e0 Lyon 3e le 9 avril <\/em><strong>1956<\/strong><em>, \u00e2g\u00e9 de 48 ans, habitant \u00e0 la m\u00eame adresse qu\u2019en 1913. <\/em><\/p>\n","protected":false},"excerpt":{"rendered":"<p>Mis \u00e0 jour le : 30\/04\/2026Marcel \u00c9mile LECLERC Marcel LECLERC 1907 \u2013 1956 entrepreneur de ma\u00e7onnerie n\u00e9 \u00e0 Lyon 6e le 6 juillet 1907 fils de Jean Henri LECLERC, entrepreneur de ma\u00e7onnerie Louise Ad\u00e9la\u00efde SAUTOUR \u25d9 En 1928, \u25baMarcel est entrepreneur \u00e0 Lyon (69), et habite 123, rue Cuvier, avec sa m\u00e8re. Il \u00e9pouse Suzanne ..<\/p>\n<div class=\"clear-fix\"><\/div>\n<p><a href=\"https:\/\/www.lesmaconsdelacreuse.fr\/annuaires\/lettre-l\/l_880\/\" title=\"Lire la suite...\">Lire la suite<\/a><\/p>\n","protected":false},"author":6,"featured_media":0,"comment_status":"closed","ping_status":"closed","sticky":false,"template":"","format":"standard","meta":{"_acf_changed":false,"_exactmetrics_skip_tracking":false,"_exactmetrics_sitenote_active":false,"_exactmetrics_sitenote_note":"","_exactmetrics_sitenote_category":0,"footnotes":""},"categories":[19],"tags":[],"class_list":["post-7172","post","type-post","status-publish","format-standard","hentry","category-lettre-l"],"acf":[],"_links":{"self":[{"href":"https:\/\/www.lesmaconsdelacreuse.fr\/annuaires\/wp-json\/wp\/v2\/posts\/7172","targetHints":{"allow":["GET"]}}],"collection":[{"href":"https:\/\/www.lesmaconsdelacreuse.fr\/annuaires\/wp-json\/wp\/v2\/posts"}],"about":[{"href":"https:\/\/www.lesmaconsdelacreuse.fr\/annuaires\/wp-json\/wp\/v2\/types\/post"}],"author":[{"embeddable":true,"href":"https:\/\/www.lesmaconsdelacreuse.fr\/annuaires\/wp-json\/wp\/v2\/users\/6"}],"replies":[{"embeddable":true,"href":"https:\/\/www.lesmaconsdelacreuse.fr\/annuaires\/wp-json\/wp\/v2\/comments?post=7172"}],"version-history":[{"count":0,"href":"https:\/\/www.lesmaconsdelacreuse.fr\/annuaires\/wp-json\/wp\/v2\/posts\/7172\/revisions"}],"wp:attachment":[{"href":"https:\/\/www.lesmaconsdelacreuse.fr\/annuaires\/wp-json\/wp\/v2\/media?parent=7172"}],"wp:term":[{"taxonomy":"category","embeddable":true,"href":"https:\/\/www.lesmaconsdelacreuse.fr\/annuaires\/wp-json\/wp\/v2\/categories?post=7172"},{"taxonomy":"post_tag","embeddable":true,"href":"https:\/\/www.lesmaconsdelacreuse.fr\/annuaires\/wp-json\/wp\/v2\/tags?post=7172"}],"curies":[{"name":"wp","href":"https:\/\/api.w.org\/{rel}","templated":true}]}}