{"id":7173,"date":"2019-07-28T13:34:28","date_gmt":"2019-07-28T11:34:28","guid":{"rendered":"http:\/\/lesmaconsdelacreuse.fr\/annuaire\/?p=7173"},"modified":"2022-01-06T19:35:19","modified_gmt":"2022-01-06T18:35:19","slug":"l_996","status":"publish","type":"post","link":"https:\/\/www.lesmaconsdelacreuse.fr\/annuaires\/lettre-l\/l_996\/","title":{"rendered":"LEGROS Augustin (1892-1963)"},"content":{"rendered":"<p class=\"last-updated\"><strong>Mis \u00e0 jour le :<\/strong> 30\/04\/2026<\/p><h2 style=\"text-align: center;\"><strong>Augustin LEGROS<\/strong><\/h2>\n<p style=\"text-align: center;\"><strong>1892 &#8211; 1963<\/strong><\/p>\n<h4 style=\"text-align: center;\"><span style=\"color: #008000;\"><strong>ma\u00e7on<\/strong><\/span><\/h4>\n<p style=\"text-align: center;\">n\u00e9 au bourg de Morterolles<\/p>\n<p style=\"text-align: center;\">le 2 avril 1892<\/p>\n<p style=\"text-align: center;\">fils de<\/p>\n<p style=\"text-align: center;\">Pierre Martin LEGROS, <span style=\"color: #008000;\"><strong>ma\u00e7on<\/strong><\/span> et sabotier<\/p>\n<p style=\"text-align: center;\">Marie TIQUET, cultivatrice<\/p>\n<p style=\"text-align: center;\"><span style=\"color: #ffffff;\">\u25d9<\/span><\/p>\n<p><strong>En 1913<\/strong><em>, Augustin, <\/em><span style=\"color: #008000;\"><strong>ma\u00e7on<\/strong><\/span><em>,\u00a0 travaille dans la <\/em><span style=\"color: #0000ff;\"><strong>Seine <\/strong><\/span><em>et y passe le conseil de r\u00e9vision.<\/em><\/p>\n<p><strong>En 1914<\/strong><em><strong>,<\/strong> il est \u00e0 <\/em><span style=\"color: #0000ff;\"><strong>Paris (75)<\/strong><\/span><em> , 101, boulevard Auguste Blanqui, dans le 13e arrondissement, puis 15, rue Godefroy. <\/em><\/p>\n<p><em>Revenu de la guerre, il se marie le 8 novembre <\/em><strong>1919<\/strong><em> \u00e0 Paris 14e avec Germaine <\/em><strong>LAVERGNE<\/strong><em>.<\/em><\/p>\n<p><strong>En 1937<\/strong><em>, ils habitent <\/em><span style=\"color: #0000ff;\"><strong>Arcueil (94)<\/strong><\/span><em>, 39, rue Pierre Curie.<\/em><\/p>\n<p><strong>En 1953<\/strong>, <em>Augustin est<\/em> <span style=\"color: #008000;\"><strong>commer\u00e7ant<\/strong><\/span> <em>\u00e0<\/em><span style=\"color: #0000ff;\"><strong> Ivry-sur-Seine (94).<\/strong><\/span><\/p>\n<p><em>Augustin y d\u00e9c\u00e8de <\/em><em>\u00a0le 10 ao\u00fbt <\/em><strong>1963<\/strong><em>, \u00e2g\u00e9 de 71 ans.<\/em><\/p>\n","protected":false},"excerpt":{"rendered":"<p>Mis \u00e0 jour le : 30\/04\/2026Augustin LEGROS 1892 &#8211; 1963 ma\u00e7on n\u00e9 au bourg de Morterolles le 2 avril 1892 fils de Pierre Martin LEGROS, ma\u00e7on et sabotier Marie TIQUET, cultivatrice \u25d9 En 1913, Augustin, ma\u00e7on,\u00a0 travaille dans la Seine et y passe le conseil de r\u00e9vision. En 1914, il est \u00e0 Paris (75) , ..<\/p>\n<div class=\"clear-fix\"><\/div>\n<p><a href=\"https:\/\/www.lesmaconsdelacreuse.fr\/annuaires\/lettre-l\/l_996\/\" title=\"Lire la suite...\">Lire la suite<\/a><\/p>\n","protected":false},"author":6,"featured_media":0,"comment_status":"closed","ping_status":"closed","sticky":false,"template":"","format":"standard","meta":{"_acf_changed":false,"_exactmetrics_skip_tracking":false,"_exactmetrics_sitenote_active":false,"_exactmetrics_sitenote_note":"","_exactmetrics_sitenote_category":0,"footnotes":""},"categories":[19],"tags":[],"class_list":["post-7173","post","type-post","status-publish","format-standard","hentry","category-lettre-l"],"acf":[],"_links":{"self":[{"href":"https:\/\/www.lesmaconsdelacreuse.fr\/annuaires\/wp-json\/wp\/v2\/posts\/7173","targetHints":{"allow":["GET"]}}],"collection":[{"href":"https:\/\/www.lesmaconsdelacreuse.fr\/annuaires\/wp-json\/wp\/v2\/posts"}],"about":[{"href":"https:\/\/www.lesmaconsdelacreuse.fr\/annuaires\/wp-json\/wp\/v2\/types\/post"}],"author":[{"embeddable":true,"href":"https:\/\/www.lesmaconsdelacreuse.fr\/annuaires\/wp-json\/wp\/v2\/users\/6"}],"replies":[{"embeddable":true,"href":"https:\/\/www.lesmaconsdelacreuse.fr\/annuaires\/wp-json\/wp\/v2\/comments?post=7173"}],"version-history":[{"count":2,"href":"https:\/\/www.lesmaconsdelacreuse.fr\/annuaires\/wp-json\/wp\/v2\/posts\/7173\/revisions"}],"predecessor-version":[{"id":193911,"href":"https:\/\/www.lesmaconsdelacreuse.fr\/annuaires\/wp-json\/wp\/v2\/posts\/7173\/revisions\/193911"}],"wp:attachment":[{"href":"https:\/\/www.lesmaconsdelacreuse.fr\/annuaires\/wp-json\/wp\/v2\/media?parent=7173"}],"wp:term":[{"taxonomy":"category","embeddable":true,"href":"https:\/\/www.lesmaconsdelacreuse.fr\/annuaires\/wp-json\/wp\/v2\/categories?post=7173"},{"taxonomy":"post_tag","embeddable":true,"href":"https:\/\/www.lesmaconsdelacreuse.fr\/annuaires\/wp-json\/wp\/v2\/tags?post=7173"}],"curies":[{"name":"wp","href":"https:\/\/api.w.org\/{rel}","templated":true}]}}