{"id":7179,"date":"2019-07-28T13:34:28","date_gmt":"2019-07-28T11:34:28","guid":{"rendered":"http:\/\/lesmaconsdelacreuse.fr\/annuaire\/?p=7179"},"modified":"2020-01-20T11:28:36","modified_gmt":"2020-01-20T10:28:36","slug":"l_917","status":"publish","type":"post","link":"https:\/\/www.lesmaconsdelacreuse.fr\/annuaires\/lettre-l\/l_917\/","title":{"rendered":"LEDUC Pierre (1758-apr\u00e8s 1808)"},"content":{"rendered":"<p class=\"last-updated\"><strong>Mis \u00e0 jour le :<\/strong> 30\/04\/2026<\/p><h2 style=\"text-align: center;\"><strong>Pierre LEDUC<\/strong><\/h2>\n<p style=\"text-align: center;\"><strong>1758 \u2013 apr\u00e8s 1808<\/strong><\/p>\n<p style=\"text-align: center;\"><img loading=\"lazy\" decoding=\"async\" class=\"\" title=\"\" src=\"https:\/\/lesmaconsdelacreuse.fr\/annuaire\/wp-content\/uploads\/2019\/07\/image1-1865.jpg\" alt=\"\" width=\"447\" height=\"79\" data-source-id=\"i.0\" data-asset-id=\"7177\" \/><\/p>\n<h4 style=\"text-align: center;\"><span style=\"color: #008000;\"><strong>ma\u00e7on<\/strong><\/span><\/h4>\n<p style=\"text-align: center;\">n\u00e9 au Picq (Morterolles)<\/p>\n<p style=\"text-align: center;\">le 9 juillet 1758<\/p>\n<p style=\"text-align: center;\">fils de<\/p>\n<p style=\"text-align: center;\">L\u00e9onard LEDUC \/ Catherine JAUDAUX<\/p>\n<p style=\"text-align: center;\">laboureurs<\/p>\n<p style=\"text-align: center;\"><span style=\"color: #ffffff;\">\u25d9<\/span><\/p>\n<p><em>Pierre\u00a0, apr\u00e8s procuration de ses parents du 19 mars \u25ba<\/em><a target=\"_blank\"href=\"https:\/\/www.lesmaconsdelacreuse.fr\/annuaires\/\/wp-content\/uploads\/DOCUMENTS\/1786_-_Pierre_LEDUC_va_se_marier_a_Bordeaux.pdf\"><strong><span style=\"color: #ff00ff;\">1786<\/span><\/strong><\/a><em>, se marie \u00e0 <\/em><span style=\"color: #0000ff;\"><strong>Bordeaux<\/strong> <strong>(33)<\/strong><\/span><em> avec Antoinette <\/em><strong>BABIN<\/strong><em>. <\/em><\/p>\n<p>\u25ba<a target=\"_blank\"href=\"https:\/\/www.lesmaconsdelacreuse.fr\/annuaires\/\/wp-content\/uploads\/DOCUMENTS\/1797_-_Pierre_LEDUC_et_Jean_LEGROS_a_Bordeaux.pdf\"><span style=\"color: #ff00ff;\"><strong>En 1797<\/strong><\/span><\/a><em>, Jean LEGROS de La Vedrenne (Saint-Pardoux-Lavaud) lui donne procuration pour toucher le loyer d\u2019une maison qu\u2019il poss\u00e8de \u00e0 Bordeaux dans la rue qu\u2019habite Pierre, rue Bussi\u00e8re. <\/em><\/p>\n<p><em>\u25ba<\/em><span style=\"color: #ff00ff;\"><strong><a target=\"_blank\"style=\"color: #ff00ff;\" href=\"https:\/\/www.lesmaconsdelacreuse.fr\/annuaires\/\/wp-content\/uploads\/DOCUMENTS\/1808_-Leonard_et_Pierre_LEDUC_-_cession.pdf\">En 1808<\/a><\/strong><\/span><em><a target=\"_blank\"href=\"https:\/\/www.lesmaconsdelacreuse.fr\/annuaires\/\/wp-content\/uploads\/DOCUMENTS\/1808_-Leonard_et_Pierre_LEDUC_-_cession.pdf\">, il fait cession<\/a> \u00e0 son fr\u00e8re a\u00een\u00e9 de ses droits successifs\u00a0; il habite 226, rue chemin de Toulouse. <\/em><\/p>\n","protected":false},"excerpt":{"rendered":"<p>Mis \u00e0 jour le : 30\/04\/2026Pierre LEDUC 1758 \u2013 apr\u00e8s 1808 ma\u00e7on n\u00e9 au Picq (Morterolles) le 9 juillet 1758 fils de L\u00e9onard LEDUC \/ Catherine JAUDAUX laboureurs \u25d9 Pierre\u00a0, apr\u00e8s procuration de ses parents du 19 mars \u25ba1786, se marie \u00e0 Bordeaux (33) avec Antoinette BABIN. \u25baEn 1797, Jean LEGROS de La Vedrenne (Saint-Pardoux-Lavaud) ..<\/p>\n<div class=\"clear-fix\"><\/div>\n<p><a href=\"https:\/\/www.lesmaconsdelacreuse.fr\/annuaires\/lettre-l\/l_917\/\" title=\"Lire la suite...\">Lire la suite<\/a><\/p>\n","protected":false},"author":6,"featured_media":0,"comment_status":"closed","ping_status":"closed","sticky":false,"template":"","format":"standard","meta":{"_acf_changed":false,"_exactmetrics_skip_tracking":false,"_exactmetrics_sitenote_active":false,"_exactmetrics_sitenote_note":"","_exactmetrics_sitenote_category":0,"footnotes":""},"categories":[19],"tags":[],"class_list":["post-7179","post","type-post","status-publish","format-standard","hentry","category-lettre-l"],"acf":[],"_links":{"self":[{"href":"https:\/\/www.lesmaconsdelacreuse.fr\/annuaires\/wp-json\/wp\/v2\/posts\/7179","targetHints":{"allow":["GET"]}}],"collection":[{"href":"https:\/\/www.lesmaconsdelacreuse.fr\/annuaires\/wp-json\/wp\/v2\/posts"}],"about":[{"href":"https:\/\/www.lesmaconsdelacreuse.fr\/annuaires\/wp-json\/wp\/v2\/types\/post"}],"author":[{"embeddable":true,"href":"https:\/\/www.lesmaconsdelacreuse.fr\/annuaires\/wp-json\/wp\/v2\/users\/6"}],"replies":[{"embeddable":true,"href":"https:\/\/www.lesmaconsdelacreuse.fr\/annuaires\/wp-json\/wp\/v2\/comments?post=7179"}],"version-history":[{"count":0,"href":"https:\/\/www.lesmaconsdelacreuse.fr\/annuaires\/wp-json\/wp\/v2\/posts\/7179\/revisions"}],"wp:attachment":[{"href":"https:\/\/www.lesmaconsdelacreuse.fr\/annuaires\/wp-json\/wp\/v2\/media?parent=7179"}],"wp:term":[{"taxonomy":"category","embeddable":true,"href":"https:\/\/www.lesmaconsdelacreuse.fr\/annuaires\/wp-json\/wp\/v2\/categories?post=7179"},{"taxonomy":"post_tag","embeddable":true,"href":"https:\/\/www.lesmaconsdelacreuse.fr\/annuaires\/wp-json\/wp\/v2\/tags?post=7179"}],"curies":[{"name":"wp","href":"https:\/\/api.w.org\/{rel}","templated":true}]}}