{"id":7181,"date":"2019-07-28T13:34:28","date_gmt":"2019-07-28T11:34:28","guid":{"rendered":"http:\/\/lesmaconsdelacreuse.fr\/annuaire\/?p=7181"},"modified":"2021-11-06T19:35:41","modified_gmt":"2021-11-06T18:35:41","slug":"l_907","status":"publish","type":"post","link":"https:\/\/www.lesmaconsdelacreuse.fr\/annuaires\/lettre-l\/l_907\/","title":{"rendered":"LEDUC Jean Victor (1877-1931)"},"content":{"rendered":"<p class=\"last-updated\"><strong>Mis \u00e0 jour le :<\/strong> 30\/04\/2026<\/p><h2 style=\"text-align: center;\"><strong>Jean Victor LEDUC<\/strong><\/h2>\n<p style=\"text-align: center;\"><strong>Auguste LEDUC<\/strong><\/p>\n<p style=\"text-align: center;\"><strong>1877 \u2013 1931<\/strong><\/p>\n<p style=\"text-align: center;\"><img loading=\"lazy\" decoding=\"async\" class=\"\" title=\"\" src=\"https:\/\/lesmaconsdelacreuse.fr\/annuaire\/wp-content\/uploads\/2019\/07\/image1-1866.jpg\" alt=\"\" width=\"380\" height=\"104\" data-source-id=\"i.0\" data-asset-id=\"7180\" \/><\/p>\n<h4 style=\"text-align: center;\"><span style=\"color: #008000;\"><strong>ma\u00e7on<\/strong> et\u00a0<strong><em>\u25ba<\/em><\/strong><strong><em><a style=\"color: #008000;\" href=\"https:\/\/www.lesmaconsdelacreuse.fr\/annuaires\/wp-content\/uploads\/2020\/07\/FUMISTE.png\" target=\"_blank\" rel=\"noopener noreferrer\">fumiste<\/a><\/em><\/strong><\/span><\/h4>\n<p>&nbsp;<\/p>\n<p style=\"text-align: center;\">n\u00e9 au Picq (Roy\u00e8re)<\/p>\n<p style=\"text-align: center;\">le 4 d\u00e9cembre 1877<\/p>\n<p style=\"text-align: center;\">fils de<\/p>\n<p style=\"text-align: center;\">Jean LEDUC jeune, <span style=\"color: #008000;\"><strong>ma\u00e7on <\/strong><\/span><strong>\/ <\/strong>L\u00e9onarde BOULANGER<\/p>\n<p style=\"text-align: center;\">propri\u00e9taires cultivateurs<\/p>\n<p style=\"text-align: center;\"><span style=\"color: #ffffff;\">\u25d9<\/span><\/p>\n<p><strong>En 1898<\/strong><em>, \u25ba<a href=\"https:\/\/www.lesmaconsdelacreuse.fr\/annuaires\/\/wp-content\/uploads\/PHOTOS_-_CARTES_POSTALES\/LEDUC_Jean_Victor_dit_Auguste.jpg\" target=\"_blank\" rel=\"noopener noreferrer\">Auguste<\/a><a href=\"https:\/\/www.lesmaconsdelacreuse.fr\/annuaires\/\/wp-content\/uploads\/PHOTOS_-_CARTES_POSTALES\/LEDUC_Jean_Victor_dit_Auguste.jpg\" target=\"_blank\" rel=\"noopener noreferrer\">,<\/a> <\/em><span style=\"color: #008000;\"><strong>ma\u00e7on<\/strong><\/span><em><span style=\"color: #008000;\">,<\/span> travaille en <\/em><span style=\"color: #0000ff;\"><strong>Gironde (33)<\/strong><\/span><em> et y passe le conseil de r\u00e9vision. Il est dispens\u00e9 de service militaire, ayant un fr\u00e8re sous les drapeaux.<\/em><\/p>\n<p><strong>En 1899<\/strong><em>, il travaille \u00e0 <\/em><span style=\"color: #0000ff;\"><strong>Lyon (69)<\/strong><\/span><em> et loge 16, rue Villeroi.<\/em><\/p>\n<p><em> Il \u00e9pouse Marguerite L\u00e9onie <\/em><strong>LENOIR <\/strong><em>le 20 f\u00e9vrier <\/em><strong>1902<\/strong><em> \u00e0 Roy\u00e8re (contrat Toumieux). Le couple vit d\u2019abord \u00e0 Haute-Faye. <\/em><\/p>\n<p><em>La m\u00eame ann\u00e9e, Auguste est \u00e0 Lyon, 214, rue Paul Bert ;<\/em><\/p>\n<p><strong>en 1904<\/strong><em>, <\/em><span style=\"color: #008000;\"><strong>fumiste<\/strong><\/span><em>, \u00e0 <\/em><span style=\"color: #0000ff;\"><strong>Besan\u00e7on (25)<\/strong><\/span><em>, faubourg Tarragnoz, puis \u00e0 <\/em><span style=\"color: #ff6600;\"><strong>Padoue<\/strong> <strong>(ITALIE)<\/strong><\/span><em>, pour travailler \u00e0 l\u2019usine \u00e0 gaz.<\/em><\/p>\n<p><strong>En 1905<\/strong><em>, il est \u00e0 <\/em><span style=\"color: #0000ff;\"><strong>Gu\u00e9rigny (58)<\/strong><\/span><em>, puis \u00e0 <\/em><span style=\"color: #0000ff;\"><strong>Albi (81)<\/strong><\/span><em>. <\/em><\/p>\n<p><em>Associ\u00e9 avec son fr\u00e8re Joseph \u00c9mile <\/em><strong>vers 1923<\/strong><em> pour \u25ba<a href=\"https:\/\/www.lesmaconsdelacreuse.fr\/annuaires\/\/wp-content\/uploads\/DOCUMENTS\/LEDUC_freres_-_fumistes.pdf\" target=\"_blank\" rel=\"noopener noreferrer\">une entreprise<\/a> de fumisterie \u00e0 Albi, sp\u00e9cialis\u00e9e dans les \u25ba<a href=\"https:\/\/www.lesmaconsdelacreuse.fr\/annuaires\/\/wp-content\/uploads\/DOCUMENTS\/1932_-_Devis_pour_un_four_a_pain_brouillon.pdf\" target=\"_blank\" rel=\"noopener noreferrer\">fours de boulangers<\/a> et de p\u00e2tissiers. il s\u2019installe avec sa famille 57, avenue Dembourg.<\/em><\/p>\n<p><em>Les chantiers des associ\u00e9s se situent surtout dans le Tarn, mais aussi en Aveyron, Tarn-et-Garonne et Lot.<\/em><\/p>\n<p><em>Le si\u00e8ge de l\u2019entreprise est au 13, \u25ba<a href=\"https:\/\/www.lesmaconsdelacreuse.fr\/annuaires\/\/wp-content\/uploads\/PHOTOS_-_CARTES_POSTALES\/LEDUC_freres_-_carte_professionnelle.jpg\" target=\"_blank\" rel=\"noopener noreferrer\">Boulevard Alsace-Lorraine<\/a>. <\/em><\/p>\n<p>\u25ba<a href=\"https:\/\/www.lesmaconsdelacreuse.fr\/annuaires\/\/wp-content\/uploads\/DOCUMENTS\/1927_-_Jean_Victor_LEDUC_a_Albi.pdf\" target=\"_blank\" rel=\"noopener noreferrer\"><span style=\"color: #000000;\"><strong>En 1927<\/strong><\/span><\/a><em>, les \u00e9poux sont toujours avenue Dembourg.<\/em><\/p>\n<p><em>Ils d\u00e9c\u00e8dent \u00e0 Albi\u00a0:<\/em><\/p>\n<ul>\n<li><em>Auguste, le 3 janvier <\/em><strong>1931<\/strong><em>, \u00e2g\u00e9 de 53 ans<\/em><\/li>\n<li><em> L\u00e9onie, le 16 mars <\/em><strong>1960<\/strong><em>, \u00e2g\u00e9e de 78 ans <\/em><\/li>\n<\/ul>\n<p>&nbsp;<\/p>\n","protected":false},"excerpt":{"rendered":"<p>Mis \u00e0 jour le : 30\/04\/2026Jean Victor LEDUC Auguste LEDUC 1877 \u2013 1931 ma\u00e7on et\u00a0\u25bafumiste &nbsp; n\u00e9 au Picq (Roy\u00e8re) le 4 d\u00e9cembre 1877 fils de Jean LEDUC jeune, ma\u00e7on \/ L\u00e9onarde BOULANGER propri\u00e9taires cultivateurs \u25d9 En 1898, \u25baAuguste, ma\u00e7on, travaille en Gironde (33) et y passe le conseil de r\u00e9vision. Il est dispens\u00e9 de ..<\/p>\n<div class=\"clear-fix\"><\/div>\n<p><a href=\"https:\/\/www.lesmaconsdelacreuse.fr\/annuaires\/lettre-l\/l_907\/\" title=\"Lire la suite...\">Lire la suite<\/a><\/p>\n","protected":false},"author":6,"featured_media":0,"comment_status":"closed","ping_status":"closed","sticky":false,"template":"","format":"standard","meta":{"_acf_changed":false,"_exactmetrics_skip_tracking":false,"_exactmetrics_sitenote_active":false,"_exactmetrics_sitenote_note":"","_exactmetrics_sitenote_category":0,"footnotes":""},"categories":[19],"tags":[],"class_list":["post-7181","post","type-post","status-publish","format-standard","hentry","category-lettre-l"],"acf":[],"_links":{"self":[{"href":"https:\/\/www.lesmaconsdelacreuse.fr\/annuaires\/wp-json\/wp\/v2\/posts\/7181","targetHints":{"allow":["GET"]}}],"collection":[{"href":"https:\/\/www.lesmaconsdelacreuse.fr\/annuaires\/wp-json\/wp\/v2\/posts"}],"about":[{"href":"https:\/\/www.lesmaconsdelacreuse.fr\/annuaires\/wp-json\/wp\/v2\/types\/post"}],"author":[{"embeddable":true,"href":"https:\/\/www.lesmaconsdelacreuse.fr\/annuaires\/wp-json\/wp\/v2\/users\/6"}],"replies":[{"embeddable":true,"href":"https:\/\/www.lesmaconsdelacreuse.fr\/annuaires\/wp-json\/wp\/v2\/comments?post=7181"}],"version-history":[{"count":2,"href":"https:\/\/www.lesmaconsdelacreuse.fr\/annuaires\/wp-json\/wp\/v2\/posts\/7181\/revisions"}],"predecessor-version":[{"id":192195,"href":"https:\/\/www.lesmaconsdelacreuse.fr\/annuaires\/wp-json\/wp\/v2\/posts\/7181\/revisions\/192195"}],"wp:attachment":[{"href":"https:\/\/www.lesmaconsdelacreuse.fr\/annuaires\/wp-json\/wp\/v2\/media?parent=7181"}],"wp:term":[{"taxonomy":"category","embeddable":true,"href":"https:\/\/www.lesmaconsdelacreuse.fr\/annuaires\/wp-json\/wp\/v2\/categories?post=7181"},{"taxonomy":"post_tag","embeddable":true,"href":"https:\/\/www.lesmaconsdelacreuse.fr\/annuaires\/wp-json\/wp\/v2\/tags?post=7181"}],"curies":[{"name":"wp","href":"https:\/\/api.w.org\/{rel}","templated":true}]}}