{"id":7184,"date":"2019-07-28T13:34:28","date_gmt":"2019-07-28T11:34:28","guid":{"rendered":"http:\/\/lesmaconsdelacreuse.fr\/annuaire\/?p=7184"},"modified":"2020-01-20T11:28:36","modified_gmt":"2020-01-20T10:28:36","slug":"l_919","status":"publish","type":"post","link":"https:\/\/www.lesmaconsdelacreuse.fr\/annuaires\/lettre-l\/l_919\/","title":{"rendered":"LEGAY Baptiste (1872-1938)"},"content":{"rendered":"<p class=\"last-updated\"><strong>Mis \u00e0 jour le :<\/strong> 30\/04\/2026<\/p><h2 style=\"text-align: center;\"><strong>Baptiste LEGAY<\/strong><\/h2>\n<p style=\"text-align: center;\"><strong>Charles Baptiste LEGAY<\/strong><\/p>\n<p style=\"text-align: center;\"><strong>1872 \u2013 1938<\/strong><\/p>\n<p style=\"text-align: center;\"><img decoding=\"async\" title=\"\" src=\"https:\/\/lesmaconsdelacreuse.fr\/annuaire\/wp-content\/uploads\/2019\/07\/image1-1867.jpg\" alt=\"\" data-source-id=\"i.0\" data-asset-id=\"7182\" \/><\/p>\n<h4 style=\"text-align: center;\"><span style=\"color: #008000;\"><strong>ma\u00e7on<\/strong> et <strong>meunier<\/strong>; <strong>propri\u00e9taire cultivateur<\/strong><\/span><\/h4>\n<p style=\"text-align: center;\">n\u00e9 au Compeix (Saint-Pierre-le-Bost)<\/p>\n<p style=\"text-align: center;\">le 4 d\u00e9cembre 1872<\/p>\n<p style=\"text-align: center;\">fils de<\/p>\n<p style=\"text-align: center;\">Louis LEGAY, <span style=\"color: #008000;\"><strong>ma\u00e7on<\/strong><\/span> et meunier<\/p>\n<p style=\"text-align: center;\">Augustine Louise LEGAY, cultivatrice<\/p>\n<p style=\"text-align: center;\"><span style=\"color: #ffffff;\">\u25d9<\/span><\/p>\n<p><strong>En 1893<\/strong><em>, Baptiste est dispens\u00e9 de service militaire, ayant un fr\u00e8re sous les drapeaux.<\/em><\/p>\n<p><em>Il \u00e9pouse Marguerite <\/em><strong>SAMY<\/strong><em> le 28 f\u00e9vrier de la m\u00eame ann\u00e9e \u00e0 Saint-Pierre-le-Bost (mari\u00e9s sans contrat).<\/em><\/p>\n<p><strong>En 1915<\/strong><em>, il est r\u00e9form\u00e9 pour tuberculose pulmonaire.<\/em><\/p>\n<p><em>Les \u00e9poux d\u00e9c\u00e8dent \u00e0 Valli\u00e8re\u00a0:<\/em><\/p>\n<ul>\n<li><em>Baptiste, le 28 avril <\/em><strong>1938<\/strong>,<em> \u00e2g\u00e9 de 65 ans<\/em><\/li>\n<li><em>Marguerite, le 31 mars <\/em><strong>1969<\/strong><em>, \u00e2g\u00e9e de 84 ans<\/em><\/li>\n<\/ul>\n<h2><\/h2>\n<h2><\/h2>\n<p>&nbsp;<\/p>\n","protected":false},"excerpt":{"rendered":"<p>Mis \u00e0 jour le : 30\/04\/2026Baptiste LEGAY Charles Baptiste LEGAY 1872 \u2013 1938 ma\u00e7on et meunier; propri\u00e9taire cultivateur n\u00e9 au Compeix (Saint-Pierre-le-Bost) le 4 d\u00e9cembre 1872 fils de Louis LEGAY, ma\u00e7on et meunier Augustine Louise LEGAY, cultivatrice \u25d9 En 1893, Baptiste est dispens\u00e9 de service militaire, ayant un fr\u00e8re sous les drapeaux. Il \u00e9pouse Marguerite ..<\/p>\n<div class=\"clear-fix\"><\/div>\n<p><a href=\"https:\/\/www.lesmaconsdelacreuse.fr\/annuaires\/lettre-l\/l_919\/\" title=\"Lire la suite...\">Lire la suite<\/a><\/p>\n","protected":false},"author":6,"featured_media":0,"comment_status":"closed","ping_status":"closed","sticky":false,"template":"","format":"standard","meta":{"_acf_changed":false,"_exactmetrics_skip_tracking":false,"_exactmetrics_sitenote_active":false,"_exactmetrics_sitenote_note":"","_exactmetrics_sitenote_category":0,"footnotes":""},"categories":[19],"tags":[],"class_list":["post-7184","post","type-post","status-publish","format-standard","hentry","category-lettre-l"],"acf":[],"_links":{"self":[{"href":"https:\/\/www.lesmaconsdelacreuse.fr\/annuaires\/wp-json\/wp\/v2\/posts\/7184","targetHints":{"allow":["GET"]}}],"collection":[{"href":"https:\/\/www.lesmaconsdelacreuse.fr\/annuaires\/wp-json\/wp\/v2\/posts"}],"about":[{"href":"https:\/\/www.lesmaconsdelacreuse.fr\/annuaires\/wp-json\/wp\/v2\/types\/post"}],"author":[{"embeddable":true,"href":"https:\/\/www.lesmaconsdelacreuse.fr\/annuaires\/wp-json\/wp\/v2\/users\/6"}],"replies":[{"embeddable":true,"href":"https:\/\/www.lesmaconsdelacreuse.fr\/annuaires\/wp-json\/wp\/v2\/comments?post=7184"}],"version-history":[{"count":0,"href":"https:\/\/www.lesmaconsdelacreuse.fr\/annuaires\/wp-json\/wp\/v2\/posts\/7184\/revisions"}],"wp:attachment":[{"href":"https:\/\/www.lesmaconsdelacreuse.fr\/annuaires\/wp-json\/wp\/v2\/media?parent=7184"}],"wp:term":[{"taxonomy":"category","embeddable":true,"href":"https:\/\/www.lesmaconsdelacreuse.fr\/annuaires\/wp-json\/wp\/v2\/categories?post=7184"},{"taxonomy":"post_tag","embeddable":true,"href":"https:\/\/www.lesmaconsdelacreuse.fr\/annuaires\/wp-json\/wp\/v2\/tags?post=7184"}],"curies":[{"name":"wp","href":"https:\/\/api.w.org\/{rel}","templated":true}]}}