{"id":7188,"date":"2019-07-28T13:34:27","date_gmt":"2019-07-28T11:34:27","guid":{"rendered":"http:\/\/lesmaconsdelacreuse.fr\/annuaire\/?p=7188"},"modified":"2020-08-23T11:30:54","modified_gmt":"2020-08-23T09:30:54","slug":"l_947","status":"publish","type":"post","link":"https:\/\/www.lesmaconsdelacreuse.fr\/annuaires\/lettre-l\/l_947\/","title":{"rendered":"LEGER Martial (1870-apr\u00e8s 1918)"},"content":{"rendered":"<p class=\"last-updated\"><strong>Mis \u00e0 jour le :<\/strong> 30\/04\/2026<\/p><h2 style=\"text-align: center;\"><strong>Martial L\u00c9GER<\/strong><\/h2>\n<p style=\"text-align: center;\"><strong>1870 \u2013 apr\u00e8s 1918<\/strong><\/p>\n<h4 style=\"text-align: center;\"><span style=\"color: #008000;\"><strong>ma\u00e7on<\/strong><\/span><\/h4>\n<p style=\"text-align: center;\">n\u00e9 \u00e0 La Chabassi\u00e8re (Valli\u00e8re)<\/p>\n<p style=\"text-align: center;\">le 17 avril 1870<\/p>\n<p style=\"text-align: center;\">fils de<\/p>\n<p style=\"text-align: center;\">Fran\u00e7ois L\u00c9GER, <span style=\"color: #008000;\"><strong>ma\u00e7on <\/strong><\/span><strong>\/ <\/strong>Marie VIALATOUX<\/p>\n<p style=\"text-align: center;\">propri\u00e9taires cultivateurs<\/p>\n<p style=\"text-align: center;\"><span style=\"color: #ffffff;\">\u25d9<\/span><\/p>\n<p><strong>En 1891<\/strong><em>, Martial domicili\u00e9 \u00e0 Roy\u00e8re avec ses parents, travaille \u00e0 <\/em><span style=\"color: #0000ff;\"><strong>Paris (75)<\/strong><\/span><em> et y passe le conseil de r\u00e9vision.<\/em><\/p>\n<p><strong>En 1895<\/strong><em>, il est \u00e0 <\/em><span style=\"color: #0000ff;\"><strong>Clichy (92)<\/strong><\/span><em>, 21, rue Morel\u00a0;<\/em><\/p>\n<p><strong>en 1896<\/strong><em>, \u00e0 <\/em><span style=\"color: #0000ff;\"><strong>Saint-Quentin-en-Tourmont (80)<\/strong><\/span><em>, puis \u00e0 <\/em><span style=\"color: #0000ff;\"><strong>Amiens (80)<\/strong><\/span><em>, 215, rue Jules Barni\u00a0;<\/em><\/p>\n<p><strong>en 1905<\/strong><em>, encore \u00e0 Amiens, 102, rue des Jardins.<\/em><\/p>\n","protected":false},"excerpt":{"rendered":"<p>Mis \u00e0 jour le : 30\/04\/2026Martial L\u00c9GER 1870 \u2013 apr\u00e8s 1918 ma\u00e7on n\u00e9 \u00e0 La Chabassi\u00e8re (Valli\u00e8re) le 17 avril 1870 fils de Fran\u00e7ois L\u00c9GER, ma\u00e7on \/ Marie VIALATOUX propri\u00e9taires cultivateurs \u25d9 En 1891, Martial domicili\u00e9 \u00e0 Roy\u00e8re avec ses parents, travaille \u00e0 Paris (75) et y passe le conseil de r\u00e9vision. En 1895, il ..<\/p>\n<div class=\"clear-fix\"><\/div>\n<p><a href=\"https:\/\/www.lesmaconsdelacreuse.fr\/annuaires\/lettre-l\/l_947\/\" title=\"Lire la suite...\">Lire la suite<\/a><\/p>\n","protected":false},"author":6,"featured_media":0,"comment_status":"closed","ping_status":"closed","sticky":false,"template":"","format":"standard","meta":{"_acf_changed":false,"_exactmetrics_skip_tracking":false,"_exactmetrics_sitenote_active":false,"_exactmetrics_sitenote_note":"","_exactmetrics_sitenote_category":0,"footnotes":""},"categories":[19],"tags":[],"class_list":["post-7188","post","type-post","status-publish","format-standard","hentry","category-lettre-l"],"acf":[],"_links":{"self":[{"href":"https:\/\/www.lesmaconsdelacreuse.fr\/annuaires\/wp-json\/wp\/v2\/posts\/7188","targetHints":{"allow":["GET"]}}],"collection":[{"href":"https:\/\/www.lesmaconsdelacreuse.fr\/annuaires\/wp-json\/wp\/v2\/posts"}],"about":[{"href":"https:\/\/www.lesmaconsdelacreuse.fr\/annuaires\/wp-json\/wp\/v2\/types\/post"}],"author":[{"embeddable":true,"href":"https:\/\/www.lesmaconsdelacreuse.fr\/annuaires\/wp-json\/wp\/v2\/users\/6"}],"replies":[{"embeddable":true,"href":"https:\/\/www.lesmaconsdelacreuse.fr\/annuaires\/wp-json\/wp\/v2\/comments?post=7188"}],"version-history":[{"count":0,"href":"https:\/\/www.lesmaconsdelacreuse.fr\/annuaires\/wp-json\/wp\/v2\/posts\/7188\/revisions"}],"wp:attachment":[{"href":"https:\/\/www.lesmaconsdelacreuse.fr\/annuaires\/wp-json\/wp\/v2\/media?parent=7188"}],"wp:term":[{"taxonomy":"category","embeddable":true,"href":"https:\/\/www.lesmaconsdelacreuse.fr\/annuaires\/wp-json\/wp\/v2\/categories?post=7188"},{"taxonomy":"post_tag","embeddable":true,"href":"https:\/\/www.lesmaconsdelacreuse.fr\/annuaires\/wp-json\/wp\/v2\/tags?post=7188"}],"curies":[{"name":"wp","href":"https:\/\/api.w.org\/{rel}","templated":true}]}}