{"id":7192,"date":"2019-07-28T13:34:27","date_gmt":"2019-07-28T11:34:27","guid":{"rendered":"http:\/\/lesmaconsdelacreuse.fr\/annuaire\/?p=7192"},"modified":"2020-01-20T11:28:38","modified_gmt":"2020-01-20T10:28:38","slug":"l_1012","status":"publish","type":"post","link":"https:\/\/www.lesmaconsdelacreuse.fr\/annuaires\/lettre-l\/l_1012\/","title":{"rendered":"LEGROS Jean (vers 1740-apr\u00e8s 1797)"},"content":{"rendered":"<p class=\"last-updated\"><strong>Mis \u00e0 jour le :<\/strong> 30\/04\/2026<\/p><h2 style=\"text-align: center;\"><strong>Jean LEGROS<\/strong><\/h2>\n<p style=\"text-align: center;\"><strong>vers 1740 \u2013 apr\u00e8s 1797<\/strong><\/p>\n<p style=\"text-align: center;\"><img decoding=\"async\" title=\"\" src=\"https:\/\/lesmaconsdelacreuse.fr\/annuaire\/wp-content\/uploads\/2019\/07\/image1-1870.jpg\" alt=\"\" data-source-id=\"i.0\" data-asset-id=\"7190\" \/><\/p>\n<h4 style=\"text-align: center;\"><span style=\"color: #008000;\"><strong>ma\u00e7on <\/strong>et<strong> laboureur<\/strong><\/span><\/h4>\n<p style=\"text-align: center;\">n\u00e9 \u00e0 La Conche (Faux-Mazuras)\u00a0?<\/p>\n<p style=\"text-align: center;\">vers 1740<\/p>\n<p style=\"text-align: center;\">fil de<\/p>\n<p style=\"text-align: center;\">Jean LEGROS \/ L\u00e9onarde P\u00c9RIER<\/p>\n<p style=\"text-align: center;\"><span style=\"color: #ffffff;\">\u25d9<\/span><\/p>\n<p><em>Jean \u00e9pouse Anne <\/em><strong>PLANCHAT<\/strong><em> le 26 f\u00e9vrier <\/em><strong>1759<\/strong><em> \u00e0 Saint-Pierre-le-Bost.<\/em><\/p>\n<p><em> Ils habitent Gioux, m\u00eame paroisse, o\u00f9 d\u00e9c\u00e8de Anne le 3 mars <\/em><strong>1784<\/strong><em>, \u00e2g\u00e9e de 37 ans. <\/em><\/p>\n","protected":false},"excerpt":{"rendered":"<p>Mis \u00e0 jour le : 30\/04\/2026Jean LEGROS vers 1740 \u2013 apr\u00e8s 1797 ma\u00e7on et laboureur n\u00e9 \u00e0 La Conche (Faux-Mazuras)\u00a0? vers 1740 fil de Jean LEGROS \/ L\u00e9onarde P\u00c9RIER \u25d9 Jean \u00e9pouse Anne PLANCHAT le 26 f\u00e9vrier 1759 \u00e0 Saint-Pierre-le-Bost. Ils habitent Gioux, m\u00eame paroisse, o\u00f9 d\u00e9c\u00e8de Anne le 3 mars 1784, \u00e2g\u00e9e de 37 ..<\/p>\n<div class=\"clear-fix\"><\/div>\n<p><a href=\"https:\/\/www.lesmaconsdelacreuse.fr\/annuaires\/lettre-l\/l_1012\/\" title=\"Lire la suite...\">Lire la suite<\/a><\/p>\n","protected":false},"author":6,"featured_media":0,"comment_status":"closed","ping_status":"closed","sticky":false,"template":"","format":"standard","meta":{"_acf_changed":false,"_exactmetrics_skip_tracking":false,"_exactmetrics_sitenote_active":false,"_exactmetrics_sitenote_note":"","_exactmetrics_sitenote_category":0,"footnotes":""},"categories":[19],"tags":[],"class_list":["post-7192","post","type-post","status-publish","format-standard","hentry","category-lettre-l"],"acf":[],"_links":{"self":[{"href":"https:\/\/www.lesmaconsdelacreuse.fr\/annuaires\/wp-json\/wp\/v2\/posts\/7192","targetHints":{"allow":["GET"]}}],"collection":[{"href":"https:\/\/www.lesmaconsdelacreuse.fr\/annuaires\/wp-json\/wp\/v2\/posts"}],"about":[{"href":"https:\/\/www.lesmaconsdelacreuse.fr\/annuaires\/wp-json\/wp\/v2\/types\/post"}],"author":[{"embeddable":true,"href":"https:\/\/www.lesmaconsdelacreuse.fr\/annuaires\/wp-json\/wp\/v2\/users\/6"}],"replies":[{"embeddable":true,"href":"https:\/\/www.lesmaconsdelacreuse.fr\/annuaires\/wp-json\/wp\/v2\/comments?post=7192"}],"version-history":[{"count":0,"href":"https:\/\/www.lesmaconsdelacreuse.fr\/annuaires\/wp-json\/wp\/v2\/posts\/7192\/revisions"}],"wp:attachment":[{"href":"https:\/\/www.lesmaconsdelacreuse.fr\/annuaires\/wp-json\/wp\/v2\/media?parent=7192"}],"wp:term":[{"taxonomy":"category","embeddable":true,"href":"https:\/\/www.lesmaconsdelacreuse.fr\/annuaires\/wp-json\/wp\/v2\/categories?post=7192"},{"taxonomy":"post_tag","embeddable":true,"href":"https:\/\/www.lesmaconsdelacreuse.fr\/annuaires\/wp-json\/wp\/v2\/tags?post=7192"}],"curies":[{"name":"wp","href":"https:\/\/api.w.org\/{rel}","templated":true}]}}