{"id":7193,"date":"2019-07-28T13:34:27","date_gmt":"2019-07-28T11:34:27","guid":{"rendered":"http:\/\/lesmaconsdelacreuse.fr\/annuaire\/?p=7193"},"modified":"2020-01-20T11:28:38","modified_gmt":"2020-01-20T10:28:38","slug":"l_1000","status":"publish","type":"post","link":"https:\/\/www.lesmaconsdelacreuse.fr\/annuaires\/lettre-l\/l_1000\/","title":{"rendered":"LEGROS \u00c9tienne (1788-entre 1843 et 1864)"},"content":{"rendered":"<p class=\"last-updated\"><strong>Mis \u00e0 jour le :<\/strong> 30\/04\/2026<\/p><h2 style=\"text-align: center;\"><strong>\u00c9tienne LEGROS<\/strong><\/h2>\n<p style=\"text-align: center;\"><strong>1788 \u2013 entre 1843 et 1864<\/strong><\/p>\n<p style=\"text-align: center;\"><img decoding=\"async\" title=\"\" src=\"https:\/\/lesmaconsdelacreuse.fr\/annuaire\/wp-content\/uploads\/2019\/07\/image1-1871.jpg\" alt=\"\" data-source-id=\"i.0\" data-asset-id=\"7191\" \/><\/p>\n<h4 style=\"text-align: center;\"><span style=\"color: #008000;\"><strong>ma\u00e7on <\/strong>et <strong>propri\u00e9taire cultivateur<\/strong><\/span><\/h4>\n<p style=\"text-align: center;\">n\u00e9 \u00e0 Rubeyne (Roy\u00e8re)<\/p>\n<p style=\"text-align: center;\">le 7 f\u00e9vrier 1788<\/p>\n<p style=\"text-align: center;\">fils de<\/p>\n<p style=\"text-align: center;\">Joseph LEGROS, <span style=\"color: #008000;\"><strong>ma\u00e7on<\/strong><\/span><\/p>\n<p style=\"text-align: center;\">L\u00e9onarde CONILLE, cultivatrice<\/p>\n<p style=\"text-align: center;\"><span style=\"color: #ffffff;\">\u25d9<\/span><\/p>\n<p><em>Conscrit de <\/em><strong>1808<\/strong><em>, \u00c9tienne est enr\u00f4l\u00e9 dans la l\u00e9gion de Metz.<\/em><\/p>\n<p><em>Il \u00e9pouse Jeanne <\/em><strong>LENOIR<\/strong><em> le 22 juin <\/em><strong>1813<\/strong><em> \u00e0 Roy\u00e8re (contrat Coutisson). Ils habitent Andaleix, m\u00eame commune. <\/em><\/p>\n<p><em>Jeanne d\u00e9c\u00e8de veuve \u00e0 Roudersas, aussi commune de Roy\u00e8re, le 4 d\u00e9cembre <\/em><strong>1864<\/strong>,<em> \u00e2g\u00e9e de 75 ans.<\/em><\/p>\n","protected":false},"excerpt":{"rendered":"<p>Mis \u00e0 jour le : 30\/04\/2026\u00c9tienne LEGROS 1788 \u2013 entre 1843 et 1864 ma\u00e7on et propri\u00e9taire cultivateur n\u00e9 \u00e0 Rubeyne (Roy\u00e8re) le 7 f\u00e9vrier 1788 fils de Joseph LEGROS, ma\u00e7on L\u00e9onarde CONILLE, cultivatrice \u25d9 Conscrit de 1808, \u00c9tienne est enr\u00f4l\u00e9 dans la l\u00e9gion de Metz. Il \u00e9pouse Jeanne LENOIR le 22 juin 1813 \u00e0 Roy\u00e8re ..<\/p>\n<div class=\"clear-fix\"><\/div>\n<p><a href=\"https:\/\/www.lesmaconsdelacreuse.fr\/annuaires\/lettre-l\/l_1000\/\" title=\"Lire la suite...\">Lire la suite<\/a><\/p>\n","protected":false},"author":6,"featured_media":0,"comment_status":"closed","ping_status":"closed","sticky":false,"template":"","format":"standard","meta":{"_acf_changed":false,"_exactmetrics_skip_tracking":false,"_exactmetrics_sitenote_active":false,"_exactmetrics_sitenote_note":"","_exactmetrics_sitenote_category":0,"footnotes":""},"categories":[19],"tags":[],"class_list":["post-7193","post","type-post","status-publish","format-standard","hentry","category-lettre-l"],"acf":[],"_links":{"self":[{"href":"https:\/\/www.lesmaconsdelacreuse.fr\/annuaires\/wp-json\/wp\/v2\/posts\/7193","targetHints":{"allow":["GET"]}}],"collection":[{"href":"https:\/\/www.lesmaconsdelacreuse.fr\/annuaires\/wp-json\/wp\/v2\/posts"}],"about":[{"href":"https:\/\/www.lesmaconsdelacreuse.fr\/annuaires\/wp-json\/wp\/v2\/types\/post"}],"author":[{"embeddable":true,"href":"https:\/\/www.lesmaconsdelacreuse.fr\/annuaires\/wp-json\/wp\/v2\/users\/6"}],"replies":[{"embeddable":true,"href":"https:\/\/www.lesmaconsdelacreuse.fr\/annuaires\/wp-json\/wp\/v2\/comments?post=7193"}],"version-history":[{"count":0,"href":"https:\/\/www.lesmaconsdelacreuse.fr\/annuaires\/wp-json\/wp\/v2\/posts\/7193\/revisions"}],"wp:attachment":[{"href":"https:\/\/www.lesmaconsdelacreuse.fr\/annuaires\/wp-json\/wp\/v2\/media?parent=7193"}],"wp:term":[{"taxonomy":"category","embeddable":true,"href":"https:\/\/www.lesmaconsdelacreuse.fr\/annuaires\/wp-json\/wp\/v2\/categories?post=7193"},{"taxonomy":"post_tag","embeddable":true,"href":"https:\/\/www.lesmaconsdelacreuse.fr\/annuaires\/wp-json\/wp\/v2\/tags?post=7193"}],"curies":[{"name":"wp","href":"https:\/\/api.w.org\/{rel}","templated":true}]}}