{"id":7200,"date":"2019-07-28T13:34:27","date_gmt":"2019-07-28T11:34:27","guid":{"rendered":"http:\/\/lesmaconsdelacreuse.fr\/annuaire\/?p=7200"},"modified":"2022-04-11T18:23:04","modified_gmt":"2022-04-11T16:23:04","slug":"l_982","status":"publish","type":"post","link":"https:\/\/www.lesmaconsdelacreuse.fr\/annuaires\/lettre-l\/l_982\/","title":{"rendered":"LEGR\u00c9SY Jean (1850-1918)"},"content":{"rendered":"<p class=\"last-updated\"><strong>Mis \u00e0 jour le :<\/strong> 30\/04\/2026<\/p><h2 style=\"text-align: center;\"><strong>Jean LEGR\u00c9SY<\/strong><\/h2>\n<p style=\"text-align: center;\"><strong>1850 \u2013 1918<\/strong><\/p>\n<p style=\"text-align: center;\"><img decoding=\"async\" title=\"\" src=\"https:\/\/lesmaconsdelacreuse.fr\/annuaire\/wp-content\/uploads\/2019\/07\/image1-1873.jpg\" alt=\"\" data-source-id=\"i.0\" data-asset-id=\"7199\" \/><\/p>\n<h4 style=\"text-align: center;\"><span style=\"color: #008000;\"><strong>ma\u00e7on <\/strong>et<strong> cultivateur<\/strong><\/span><\/h4>\n<p style=\"text-align: center;\">n\u00e9 au Nouhaud (Saint-Amand-Jartoudeix)<\/p>\n<p style=\"text-align: center;\">le 30 mai 1850<\/p>\n<p style=\"text-align: center;\">fils de<\/p>\n<p style=\"text-align: center;\">Fran\u00e7ois LEGR\u00c9SY \/ Jeanne CLAVAUD<\/p>\n<p style=\"text-align: center;\"><span style=\"color: #ffffff;\">\u25d9<\/span><\/p>\n<p><em>Jean \u00e9pouse L\u00e9onarde <\/em><strong>CASSIER<\/strong><em> le 26 janvier <\/em><strong>1874<\/strong><em> \u00e0 Morterolles (mari\u00e9s sans contrat).<\/em><\/p>\n<p><em> Ils vivent \u00e0 Planchat, commune de Saint-Pierre-le-Bost.<\/em><\/p>\n<p><em>Jean d\u00e9c\u00e8de \u00e0 Mont\u00e9cudier, commune de Saint-Avit-le-Pauvre, le 23 octobre <\/em><strong>1918<\/strong><em>, \u00e2g\u00e9 de 68 ans.<\/em><\/p>\n","protected":false},"excerpt":{"rendered":"<p>Mis \u00e0 jour le : 30\/04\/2026Jean LEGR\u00c9SY 1850 \u2013 1918 ma\u00e7on et cultivateur n\u00e9 au Nouhaud (Saint-Amand-Jartoudeix) le 30 mai 1850 fils de Fran\u00e7ois LEGR\u00c9SY \/ Jeanne CLAVAUD \u25d9 Jean \u00e9pouse L\u00e9onarde CASSIER le 26 janvier 1874 \u00e0 Morterolles (mari\u00e9s sans contrat). Ils vivent \u00e0 Planchat, commune de Saint-Pierre-le-Bost. Jean d\u00e9c\u00e8de \u00e0 Mont\u00e9cudier, commune de ..<\/p>\n<div class=\"clear-fix\"><\/div>\n<p><a href=\"https:\/\/www.lesmaconsdelacreuse.fr\/annuaires\/lettre-l\/l_982\/\" title=\"Lire la suite...\">Lire la suite<\/a><\/p>\n","protected":false},"author":6,"featured_media":0,"comment_status":"closed","ping_status":"closed","sticky":false,"template":"","format":"standard","meta":{"_acf_changed":false,"_exactmetrics_skip_tracking":false,"_exactmetrics_sitenote_active":false,"_exactmetrics_sitenote_note":"","_exactmetrics_sitenote_category":0,"footnotes":""},"categories":[19],"tags":[],"class_list":["post-7200","post","type-post","status-publish","format-standard","hentry","category-lettre-l"],"acf":[],"_links":{"self":[{"href":"https:\/\/www.lesmaconsdelacreuse.fr\/annuaires\/wp-json\/wp\/v2\/posts\/7200","targetHints":{"allow":["GET"]}}],"collection":[{"href":"https:\/\/www.lesmaconsdelacreuse.fr\/annuaires\/wp-json\/wp\/v2\/posts"}],"about":[{"href":"https:\/\/www.lesmaconsdelacreuse.fr\/annuaires\/wp-json\/wp\/v2\/types\/post"}],"author":[{"embeddable":true,"href":"https:\/\/www.lesmaconsdelacreuse.fr\/annuaires\/wp-json\/wp\/v2\/users\/6"}],"replies":[{"embeddable":true,"href":"https:\/\/www.lesmaconsdelacreuse.fr\/annuaires\/wp-json\/wp\/v2\/comments?post=7200"}],"version-history":[{"count":1,"href":"https:\/\/www.lesmaconsdelacreuse.fr\/annuaires\/wp-json\/wp\/v2\/posts\/7200\/revisions"}],"predecessor-version":[{"id":197470,"href":"https:\/\/www.lesmaconsdelacreuse.fr\/annuaires\/wp-json\/wp\/v2\/posts\/7200\/revisions\/197470"}],"wp:attachment":[{"href":"https:\/\/www.lesmaconsdelacreuse.fr\/annuaires\/wp-json\/wp\/v2\/media?parent=7200"}],"wp:term":[{"taxonomy":"category","embeddable":true,"href":"https:\/\/www.lesmaconsdelacreuse.fr\/annuaires\/wp-json\/wp\/v2\/categories?post=7200"},{"taxonomy":"post_tag","embeddable":true,"href":"https:\/\/www.lesmaconsdelacreuse.fr\/annuaires\/wp-json\/wp\/v2\/tags?post=7200"}],"curies":[{"name":"wp","href":"https:\/\/api.w.org\/{rel}","templated":true}]}}