{"id":7204,"date":"2019-07-28T13:34:26","date_gmt":"2019-07-28T11:34:26","guid":{"rendered":"http:\/\/lesmaconsdelacreuse.fr\/annuaire\/?p=7204"},"modified":"2020-01-20T11:28:39","modified_gmt":"2020-01-20T10:28:39","slug":"l_887","status":"publish","type":"post","link":"https:\/\/www.lesmaconsdelacreuse.fr\/annuaires\/lettre-l\/l_887\/","title":{"rendered":"LECLAIR Pierre (1811-entre 1848 et 1876)"},"content":{"rendered":"<p class=\"last-updated\"><strong>Mis \u00e0 jour le :<\/strong> 30\/04\/2026<\/p><h2 style=\"text-align: center;\"><strong>Pierre LECLAIR<\/strong><\/h2>\n<p style=\"text-align: center;\"><strong>1811 \u2013 entre 1848 et 1876<\/strong><\/p>\n<p style=\"text-align: center;\"><img decoding=\"async\" title=\"\" src=\"https:\/\/lesmaconsdelacreuse.fr\/annuaire\/wp-content\/uploads\/2019\/07\/image1-1875.jpg\" alt=\"\" data-source-id=\"i.0\" data-asset-id=\"7202\" \/><\/p>\n<h4 style=\"text-align: center;\"><span style=\"color: #008000;\"><strong>ma\u00e7on<\/strong><\/span><\/h4>\n<p style=\"text-align: center;\">n\u00e9 aux Maisons (La Nouaille)<\/p>\n<p style=\"text-align: center;\">le 4 avril 1811<\/p>\n<p style=\"text-align: center;\">fils de<\/p>\n<p style=\"text-align: center;\">Jean LECLAIR \/ Anne LEMEUNIER<\/p>\n<p style=\"text-align: center;\"><span style=\"color: #ffffff;\">\u25d9<\/span><\/p>\n<p><em>Pierre \u00e9pouse Marguerite <\/em><strong>LEMASSON <\/strong><em>le 21 f\u00e9vrier <\/em><strong>1846<\/strong><em> au Monteil-au-Vicomte. Le couple habite Haute-Besse, m\u00eame commune. <\/em><\/p>\n<p><strong>En 1848<\/strong><em>, Pierre travaille \u00e0 <\/em><span style=\"color: #0000ff;\"><strong>Saint-Flour (15)<\/strong><\/span><em>. <\/em><\/p>\n<p><em>Marguerite d\u00e9c\u00e8de veuve \u00e0 Haute-Besse le 24 mai <\/em><strong>1876<\/strong><em>, \u00e2g\u00e9e de 65 ans environ.<\/em><\/p>\n","protected":false},"excerpt":{"rendered":"<p>Mis \u00e0 jour le : 30\/04\/2026Pierre LECLAIR 1811 \u2013 entre 1848 et 1876 ma\u00e7on n\u00e9 aux Maisons (La Nouaille) le 4 avril 1811 fils de Jean LECLAIR \/ Anne LEMEUNIER \u25d9 Pierre \u00e9pouse Marguerite LEMASSON le 21 f\u00e9vrier 1846 au Monteil-au-Vicomte. Le couple habite Haute-Besse, m\u00eame commune. En 1848, Pierre travaille \u00e0 Saint-Flour (15). Marguerite ..<\/p>\n<div class=\"clear-fix\"><\/div>\n<p><a href=\"https:\/\/www.lesmaconsdelacreuse.fr\/annuaires\/lettre-l\/l_887\/\" title=\"Lire la suite...\">Lire la suite<\/a><\/p>\n","protected":false},"author":6,"featured_media":0,"comment_status":"closed","ping_status":"closed","sticky":false,"template":"","format":"standard","meta":{"_acf_changed":false,"_exactmetrics_skip_tracking":false,"_exactmetrics_sitenote_active":false,"_exactmetrics_sitenote_note":"","_exactmetrics_sitenote_category":0,"footnotes":""},"categories":[19],"tags":[],"class_list":["post-7204","post","type-post","status-publish","format-standard","hentry","category-lettre-l"],"acf":[],"_links":{"self":[{"href":"https:\/\/www.lesmaconsdelacreuse.fr\/annuaires\/wp-json\/wp\/v2\/posts\/7204","targetHints":{"allow":["GET"]}}],"collection":[{"href":"https:\/\/www.lesmaconsdelacreuse.fr\/annuaires\/wp-json\/wp\/v2\/posts"}],"about":[{"href":"https:\/\/www.lesmaconsdelacreuse.fr\/annuaires\/wp-json\/wp\/v2\/types\/post"}],"author":[{"embeddable":true,"href":"https:\/\/www.lesmaconsdelacreuse.fr\/annuaires\/wp-json\/wp\/v2\/users\/6"}],"replies":[{"embeddable":true,"href":"https:\/\/www.lesmaconsdelacreuse.fr\/annuaires\/wp-json\/wp\/v2\/comments?post=7204"}],"version-history":[{"count":0,"href":"https:\/\/www.lesmaconsdelacreuse.fr\/annuaires\/wp-json\/wp\/v2\/posts\/7204\/revisions"}],"wp:attachment":[{"href":"https:\/\/www.lesmaconsdelacreuse.fr\/annuaires\/wp-json\/wp\/v2\/media?parent=7204"}],"wp:term":[{"taxonomy":"category","embeddable":true,"href":"https:\/\/www.lesmaconsdelacreuse.fr\/annuaires\/wp-json\/wp\/v2\/categories?post=7204"},{"taxonomy":"post_tag","embeddable":true,"href":"https:\/\/www.lesmaconsdelacreuse.fr\/annuaires\/wp-json\/wp\/v2\/tags?post=7204"}],"curies":[{"name":"wp","href":"https:\/\/api.w.org\/{rel}","templated":true}]}}