{"id":7205,"date":"2019-07-28T13:34:26","date_gmt":"2019-07-28T11:34:26","guid":{"rendered":"http:\/\/lesmaconsdelacreuse.fr\/annuaire\/?p=7205"},"modified":"2020-10-16T08:34:16","modified_gmt":"2020-10-16T06:34:16","slug":"l_914","status":"publish","type":"post","link":"https:\/\/www.lesmaconsdelacreuse.fr\/annuaires\/lettre-l\/l_914\/","title":{"rendered":"LEDUC Louis Auguste (1902-1958)"},"content":{"rendered":"<p class=\"last-updated\"><strong>Mis \u00e0 jour le :<\/strong> 30\/04\/2026<\/p><h2 style=\"text-align: center;\"><strong>Louis Auguste LEDUC<\/strong><\/h2>\n<p style=\"text-align: center;\"><strong>Louis LEDUC<\/strong><\/p>\n<p style=\"text-align: center;\"><strong>1902 &#8211; 1958<\/strong><\/p>\n<h4 style=\"text-align: center;\"><strong><span style=\"color: #008000;\"><em>\u25ba<a href=\"https:\/\/www.lesmaconsdelacreuse.fr\/annuaires\/wp-content\/uploads\/2020\/07\/FUMISTE.png\" target=\"_blank\" rel=\"noopener noreferrer\"><span style=\"color: #008000;\">fumiste<\/span><\/a><\/em><\/span><\/strong><\/h4>\n<p>&nbsp;<\/p>\n<p style=\"text-align: center;\">n\u00e9 au Picq (Roy\u00e8re)<\/p>\n<p style=\"text-align: center;\">le 1er octobre 1902<\/p>\n<p style=\"text-align: center;\">fils de<\/p>\n<p style=\"text-align: center;\">Joseph \u00c9mile LEDUC, <span style=\"color: #008000;\"><strong>ma\u00e7on<\/strong><\/span> et<span style=\"color: #008000;\"><strong> entrepreneur fumiste<\/strong><\/span><\/p>\n<p style=\"text-align: center;\">\u00c9lise VIALATOUX<\/p>\n<p style=\"text-align: center;\">propri\u00e9taires cultivateurs<\/p>\n<p style=\"text-align: center;\"><span style=\"color: #ffffff;\">\u25d9<\/span><\/p>\n<p>\u25ba<a href=\"https:\/\/www.lesmaconsdelacreuse.fr\/annuaires\/\/wp-content\/uploads\/PHOTOS_-_CARTES_POSTALES\/LEDUC_Louis.gif\" target=\"_blank\" rel=\"noopener noreferrer\">Louis<\/a> <em>\u00e9pouse Berthe <\/em><strong>BUSSERRE <\/strong><em>le 21 juin <\/em><strong>1924<\/strong><em> \u00e0 <\/em><span style=\"color: #0000ff;\"><strong>Bourg-l\u00e8s-Valence (26)<\/strong><\/span><em><span style=\"color: #0000ff;\">.<\/span> <\/em><\/p>\n<p><em>Berthe d\u00e9c\u00e8de \u00e0 <\/em><span style=\"color: #0000ff;\"><strong>Rocher (07)<\/strong><\/span><em> le 27 f\u00e9vrier <\/em><strong>1946<\/strong><em>, \u00e2g\u00e9e de 44 ans. <\/em><\/p>\n<p><em>Louis se remarie le 15 avril <\/em><strong>1950<\/strong><em> \u00e0 <\/em><span style=\"color: #0000ff;\"><strong>Marseille (13)<\/strong><\/span><em> avec Georgette <\/em><strong>LETONDEUR<\/strong><em>.<\/em><\/p>\n<p><strong>En 1958<\/strong><em><strong>,<\/strong> il est\u00a0<\/em><strong><span style=\"color: #008000;\"><em>\u25ba<\/em><a href=\"https:\/\/www.lesmaconsdelacreuse.fr\/annuaires\/\/wp-content\/uploads\/LEXIQUE\/CHEF_DATELIER_-_CHEF_DE_CHANTIER.pdf\" target=\"_blank\" rel=\"noopener noreferrer\"><span style=\"color: #008000;\">chef de chantier<\/span><\/a> \u00e0 la Compagnie G\u00e9n\u00e9rale de<\/span> <span style=\"color: #008000;\">Construction de fours<\/span><\/strong><em>, et habite <\/em><span style=\"color: #0000ff;\"><strong>Colmar (68)<\/strong><\/span><em>, 7, rue des bonnes Gens.<\/em><\/p>\n<p><em> Il d\u00e9c\u00e8de \u00e0 Colmar le 27 mars <\/em><strong>1958<\/strong><em>, \u00e2g\u00e9 de 55 ans. <\/em><\/p>\n<p>&nbsp;<\/p>\n","protected":false},"excerpt":{"rendered":"<p>Mis \u00e0 jour le : 30\/04\/2026Louis Auguste LEDUC Louis LEDUC 1902 &#8211; 1958 \u25bafumiste &nbsp; n\u00e9 au Picq (Roy\u00e8re) le 1er octobre 1902 fils de Joseph \u00c9mile LEDUC, ma\u00e7on et entrepreneur fumiste \u00c9lise VIALATOUX propri\u00e9taires cultivateurs \u25d9 \u25baLouis \u00e9pouse Berthe BUSSERRE le 21 juin 1924 \u00e0 Bourg-l\u00e8s-Valence (26). Berthe d\u00e9c\u00e8de \u00e0 Rocher (07) le 27 ..<\/p>\n<div class=\"clear-fix\"><\/div>\n<p><a href=\"https:\/\/www.lesmaconsdelacreuse.fr\/annuaires\/lettre-l\/l_914\/\" title=\"Lire la suite...\">Lire la suite<\/a><\/p>\n","protected":false},"author":6,"featured_media":0,"comment_status":"closed","ping_status":"closed","sticky":false,"template":"","format":"standard","meta":{"_acf_changed":false,"_exactmetrics_skip_tracking":false,"_exactmetrics_sitenote_active":false,"_exactmetrics_sitenote_note":"","_exactmetrics_sitenote_category":0,"footnotes":""},"categories":[19],"tags":[],"class_list":["post-7205","post","type-post","status-publish","format-standard","hentry","category-lettre-l"],"acf":[],"_links":{"self":[{"href":"https:\/\/www.lesmaconsdelacreuse.fr\/annuaires\/wp-json\/wp\/v2\/posts\/7205","targetHints":{"allow":["GET"]}}],"collection":[{"href":"https:\/\/www.lesmaconsdelacreuse.fr\/annuaires\/wp-json\/wp\/v2\/posts"}],"about":[{"href":"https:\/\/www.lesmaconsdelacreuse.fr\/annuaires\/wp-json\/wp\/v2\/types\/post"}],"author":[{"embeddable":true,"href":"https:\/\/www.lesmaconsdelacreuse.fr\/annuaires\/wp-json\/wp\/v2\/users\/6"}],"replies":[{"embeddable":true,"href":"https:\/\/www.lesmaconsdelacreuse.fr\/annuaires\/wp-json\/wp\/v2\/comments?post=7205"}],"version-history":[{"count":0,"href":"https:\/\/www.lesmaconsdelacreuse.fr\/annuaires\/wp-json\/wp\/v2\/posts\/7205\/revisions"}],"wp:attachment":[{"href":"https:\/\/www.lesmaconsdelacreuse.fr\/annuaires\/wp-json\/wp\/v2\/media?parent=7205"}],"wp:term":[{"taxonomy":"category","embeddable":true,"href":"https:\/\/www.lesmaconsdelacreuse.fr\/annuaires\/wp-json\/wp\/v2\/categories?post=7205"},{"taxonomy":"post_tag","embeddable":true,"href":"https:\/\/www.lesmaconsdelacreuse.fr\/annuaires\/wp-json\/wp\/v2\/tags?post=7205"}],"curies":[{"name":"wp","href":"https:\/\/api.w.org\/{rel}","templated":true}]}}