{"id":7212,"date":"2019-07-28T13:34:26","date_gmt":"2019-07-28T11:34:26","guid":{"rendered":"http:\/\/lesmaconsdelacreuse.fr\/annuaire\/?p=7212"},"modified":"2020-10-04T14:32:37","modified_gmt":"2020-10-04T12:32:37","slug":"l_906","status":"publish","type":"post","link":"https:\/\/www.lesmaconsdelacreuse.fr\/annuaires\/lettre-l\/l_906\/","title":{"rendered":"LEDUC Jean-Louis (1905-1984)"},"content":{"rendered":"<p class=\"last-updated\"><strong>Mis \u00e0 jour le :<\/strong> 30\/04\/2026<\/p><h2 style=\"text-align: center;\"><strong>Jean-Louis LEDUC<\/strong><\/h2>\n<p style=\"text-align: center;\"><strong>1905 &#8211; 1984<\/strong><\/p>\n<h4 style=\"text-align: center;\"><strong><span style=\"color: #008000;\">entrepreneur <em>\u25ba<a href=\"https:\/\/www.lesmaconsdelacreuse.fr\/annuaires\/wp-content\/uploads\/2020\/07\/FUMISTE.png\" target=\"_blank\" rel=\"noopener noreferrer\"><span style=\"color: #008000;\">fumiste<\/span><\/a><\/em><br \/>\n<\/span><\/strong><\/h4>\n<p>&nbsp;<\/p>\n<p style=\"text-align: center;\">n\u00e9 \u00e0 Haute-Faye (Roy\u00e8re)<\/p>\n<p style=\"text-align: center;\">le 7 octobre 1905<\/p>\n<p style=\"text-align: center;\">fils de<\/p>\n<p style=\"text-align: center;\">Jean Victor LEDUC dit Auguste,<span style=\"color: #008000;\"> <strong>ma\u00e7on<\/strong><\/span> et <span style=\"color: #008000;\"><strong>fumiste<\/strong><\/span><\/p>\n<p style=\"text-align: center;\">Marguerite L\u00e9onie LENOIR<\/p>\n<p style=\"text-align: center;\"><span style=\"color: #ffffff;\">\u25d9<\/span><\/p>\n<p><em>Jean-Louis \u00e9pouse Marcelle Augustine Jeanne <\/em><strong>PARMENTIER<\/strong><em> le 22 d\u00e9cembre <\/em><strong>1928<\/strong><em> (mari\u00e9s sans contrat) \u00e0 <\/em><span style=\"color: #0000ff;\"><strong>Montpellier (34)<\/strong><\/span><em>. <\/em><\/p>\n<p><strong>En 1930<\/strong><em>, ils habitent <\/em><span style=\"color: #0000ff;\"><strong>Albi (81)<\/strong><\/span><em>, avenue Dembourg, et Jean-Louis est <\/em><span style=\"color: #008000;\"><strong>entrepreneur fumiste<\/strong><\/span><em>.<\/em><\/p>\n<p><em>Veuf ou divorc\u00e9, il se remarie le 10 ao\u00fbt <\/em><strong>1964<\/strong><em> \u00e0 Albi avec Denise Marguerite Ernestine <\/em><strong>BOUYSSI\u00c8RE<\/strong><em>.<\/em><\/p>\n<p><em> Il d\u00e9c\u00e8de \u00e0 Albi le 9 d\u00e9cembre <\/em><strong>1984<\/strong><em>, \u00e2g\u00e9 de 79 ans.<\/em><\/p>\n<p>&nbsp;<\/p>\n","protected":false},"excerpt":{"rendered":"<p>Mis \u00e0 jour le : 30\/04\/2026Jean-Louis LEDUC 1905 &#8211; 1984 entrepreneur \u25bafumiste &nbsp; n\u00e9 \u00e0 Haute-Faye (Roy\u00e8re) le 7 octobre 1905 fils de Jean Victor LEDUC dit Auguste, ma\u00e7on et fumiste Marguerite L\u00e9onie LENOIR \u25d9 Jean-Louis \u00e9pouse Marcelle Augustine Jeanne PARMENTIER le 22 d\u00e9cembre 1928 (mari\u00e9s sans contrat) \u00e0 Montpellier (34). En 1930, ils habitent ..<\/p>\n<div class=\"clear-fix\"><\/div>\n<p><a href=\"https:\/\/www.lesmaconsdelacreuse.fr\/annuaires\/lettre-l\/l_906\/\" title=\"Lire la suite...\">Lire la suite<\/a><\/p>\n","protected":false},"author":6,"featured_media":0,"comment_status":"closed","ping_status":"closed","sticky":false,"template":"","format":"standard","meta":{"_acf_changed":false,"_exactmetrics_skip_tracking":false,"_exactmetrics_sitenote_active":false,"_exactmetrics_sitenote_note":"","_exactmetrics_sitenote_category":0,"footnotes":""},"categories":[19],"tags":[],"class_list":["post-7212","post","type-post","status-publish","format-standard","hentry","category-lettre-l"],"acf":[],"_links":{"self":[{"href":"https:\/\/www.lesmaconsdelacreuse.fr\/annuaires\/wp-json\/wp\/v2\/posts\/7212","targetHints":{"allow":["GET"]}}],"collection":[{"href":"https:\/\/www.lesmaconsdelacreuse.fr\/annuaires\/wp-json\/wp\/v2\/posts"}],"about":[{"href":"https:\/\/www.lesmaconsdelacreuse.fr\/annuaires\/wp-json\/wp\/v2\/types\/post"}],"author":[{"embeddable":true,"href":"https:\/\/www.lesmaconsdelacreuse.fr\/annuaires\/wp-json\/wp\/v2\/users\/6"}],"replies":[{"embeddable":true,"href":"https:\/\/www.lesmaconsdelacreuse.fr\/annuaires\/wp-json\/wp\/v2\/comments?post=7212"}],"version-history":[{"count":0,"href":"https:\/\/www.lesmaconsdelacreuse.fr\/annuaires\/wp-json\/wp\/v2\/posts\/7212\/revisions"}],"wp:attachment":[{"href":"https:\/\/www.lesmaconsdelacreuse.fr\/annuaires\/wp-json\/wp\/v2\/media?parent=7212"}],"wp:term":[{"taxonomy":"category","embeddable":true,"href":"https:\/\/www.lesmaconsdelacreuse.fr\/annuaires\/wp-json\/wp\/v2\/categories?post=7212"},{"taxonomy":"post_tag","embeddable":true,"href":"https:\/\/www.lesmaconsdelacreuse.fr\/annuaires\/wp-json\/wp\/v2\/tags?post=7212"}],"curies":[{"name":"wp","href":"https:\/\/api.w.org\/{rel}","templated":true}]}}