{"id":7223,"date":"2019-07-28T13:34:25","date_gmt":"2019-07-28T11:34:25","guid":{"rendered":"http:\/\/lesmaconsdelacreuse.fr\/annuaire\/?p=7223"},"modified":"2020-09-28T16:10:12","modified_gmt":"2020-09-28T14:10:12","slug":"l_903","status":"publish","type":"post","link":"https:\/\/www.lesmaconsdelacreuse.fr\/annuaires\/lettre-l\/l_903\/","title":{"rendered":"LEDUC Jean (1849-1900)"},"content":{"rendered":"<p class=\"last-updated\"><strong>Mis \u00e0 jour le :<\/strong> 30\/04\/2026<\/p><h2 style=\"text-align: center;\"><strong>Jean LEDUC<\/strong><\/h2>\n<p style=\"text-align: center;\"><strong>1849 &#8211; 1900<\/strong><\/p>\n<p style=\"text-align: center;\"><img decoding=\"async\" title=\"\" src=\"https:\/\/lesmaconsdelacreuse.fr\/annuaire\/wp-content\/uploads\/2019\/07\/image1-1882.jpg\" alt=\"\" data-source-id=\"i.0\" data-asset-id=\"7222\" \/><\/p>\n<h4 style=\"text-align: center;\"><span style=\"color: #008000;\"><strong>entrepreneur de ma\u00e7onnerie<\/strong><\/span><\/h4>\n<p>&nbsp;<\/p>\n<p style=\"text-align: center;\">n\u00e9 au Picq (Roy\u00e8re)<\/p>\n<p style=\"text-align: center;\">le 15 janvier 1849<\/p>\n<p style=\"text-align: center;\">fils naturel de<\/p>\n<p style=\"text-align: center;\">Marie LEDUC, cultivatrice<\/p>\n<p style=\"text-align: center;\"><span style=\"color: #ffffff;\">\u25d9<\/span><\/p>\n<p><strong>En 1870<\/strong><em>, Jean travaille \u00e0 <\/em><span style=\"color: #0000ff;\"><strong>Lyon (69)<\/strong><\/span><em> et y passe le conseil de r\u00e9vision.<\/em><\/p>\n<p><em>Il \u00e9pouse le 1er mai <\/em><strong>1873<\/strong><em> \u00e0 Lyon 3e Catherine <\/em><strong>POYET<\/strong><em> (mari\u00e9s sans contrat) ; il loge alors 20, rue d\u2019 Aguesseau. <\/em><\/p>\n<p><strong>De 18760 \u00e0 1888 <\/strong><em>au moins<\/em><em>, les \u00e9poux habitent 15, rue du B\u00e9arn, 2e arrondissement.<\/em><\/p>\n<p><strong>En 1897<\/strong><em>, ils habitent\u00a0 Lyon 3e, 39, rue de Marseille. La m\u00eame ann\u00e9e, ils vendent \u00e0 Fran\u00e7ois Michel, pr\u00e9sident du conseil d&rsquo;arrondissement de Lyon, une grande maison situ\u00e9e au 69 de la m\u00eame rue.<br \/>\n<\/em><\/p>\n<p><em>Ils d\u00e9c\u00e8dent \u00e0 cette derni\u00e8re adresse:<\/em><\/p>\n<ul>\n<li><em>Claudine, le 13 novembre <\/em><strong>1898<\/strong><em>, \u00e2g\u00e9e de 46 ans<\/em><\/li>\n<li><em>Jean, le 17 juillet <\/em><strong>1900<\/strong><em>, \u00e2g\u00e9 de 51 ans, inhum\u00e9 au \u25ba<a href=\"https:\/\/www.lesmaconsdelacreuse.fr\/annuaires\/wp-content\/uploads\/2019\/07\/CIMETI\u00c8RE-DE-LA-GUILLOTI\u00c8RE.png\" target=\"_blank\" rel=\"noopener noreferrer\">cimeti\u00e8re de La Guilloti\u00e8re<\/a><br \/>\n<\/em><\/li>\n<\/ul>\n<p>&nbsp;<\/p>\n","protected":false},"excerpt":{"rendered":"<p>Mis \u00e0 jour le : 30\/04\/2026Jean LEDUC 1849 &#8211; 1900 entrepreneur de ma\u00e7onnerie &nbsp; n\u00e9 au Picq (Roy\u00e8re) le 15 janvier 1849 fils naturel de Marie LEDUC, cultivatrice \u25d9 En 1870, Jean travaille \u00e0 Lyon (69) et y passe le conseil de r\u00e9vision. Il \u00e9pouse le 1er mai 1873 \u00e0 Lyon 3e Catherine POYET (mari\u00e9s ..<\/p>\n<div class=\"clear-fix\"><\/div>\n<p><a href=\"https:\/\/www.lesmaconsdelacreuse.fr\/annuaires\/lettre-l\/l_903\/\" title=\"Lire la suite...\">Lire la suite<\/a><\/p>\n","protected":false},"author":6,"featured_media":0,"comment_status":"closed","ping_status":"closed","sticky":false,"template":"","format":"standard","meta":{"_acf_changed":false,"_exactmetrics_skip_tracking":false,"_exactmetrics_sitenote_active":false,"_exactmetrics_sitenote_note":"","_exactmetrics_sitenote_category":0,"footnotes":""},"categories":[19],"tags":[],"class_list":["post-7223","post","type-post","status-publish","format-standard","hentry","category-lettre-l"],"acf":[],"_links":{"self":[{"href":"https:\/\/www.lesmaconsdelacreuse.fr\/annuaires\/wp-json\/wp\/v2\/posts\/7223","targetHints":{"allow":["GET"]}}],"collection":[{"href":"https:\/\/www.lesmaconsdelacreuse.fr\/annuaires\/wp-json\/wp\/v2\/posts"}],"about":[{"href":"https:\/\/www.lesmaconsdelacreuse.fr\/annuaires\/wp-json\/wp\/v2\/types\/post"}],"author":[{"embeddable":true,"href":"https:\/\/www.lesmaconsdelacreuse.fr\/annuaires\/wp-json\/wp\/v2\/users\/6"}],"replies":[{"embeddable":true,"href":"https:\/\/www.lesmaconsdelacreuse.fr\/annuaires\/wp-json\/wp\/v2\/comments?post=7223"}],"version-history":[{"count":0,"href":"https:\/\/www.lesmaconsdelacreuse.fr\/annuaires\/wp-json\/wp\/v2\/posts\/7223\/revisions"}],"wp:attachment":[{"href":"https:\/\/www.lesmaconsdelacreuse.fr\/annuaires\/wp-json\/wp\/v2\/media?parent=7223"}],"wp:term":[{"taxonomy":"category","embeddable":true,"href":"https:\/\/www.lesmaconsdelacreuse.fr\/annuaires\/wp-json\/wp\/v2\/categories?post=7223"},{"taxonomy":"post_tag","embeddable":true,"href":"https:\/\/www.lesmaconsdelacreuse.fr\/annuaires\/wp-json\/wp\/v2\/tags?post=7223"}],"curies":[{"name":"wp","href":"https:\/\/api.w.org\/{rel}","templated":true}]}}