{"id":7226,"date":"2019-07-28T13:34:25","date_gmt":"2019-07-28T11:34:25","guid":{"rendered":"http:\/\/lesmaconsdelacreuse.fr\/annuaire\/?p=7226"},"modified":"2022-06-06T18:09:58","modified_gmt":"2022-06-06T16:09:58","slug":"l_940","status":"publish","type":"post","link":"https:\/\/www.lesmaconsdelacreuse.fr\/annuaires\/lettre-l\/l_940\/","title":{"rendered":"LEGER Jean (1840-1922)"},"content":{"rendered":"<p class=\"last-updated\"><strong>Mis \u00e0 jour le :<\/strong> 30\/04\/2026<\/p><h2 style=\"text-align: center;\"><strong>Jean L\u00c9GER<\/strong><\/h2>\n<p style=\"text-align: center;\"><strong>1840 \u2013 1922<\/strong><\/p>\n<p><a href=\"https:\/\/www.lesmaconsdelacreuse.fr\/annuaires\/wp-content\/uploads\/2019\/07\/LEGER-Jean-1840.jpg\"><img loading=\"lazy\" decoding=\"async\" class=\"size-full wp-image-199992 aligncenter\" src=\"https:\/\/www.lesmaconsdelacreuse.fr\/annuaires\/wp-content\/uploads\/2019\/07\/LEGER-Jean-1840.jpg\" alt=\"\" width=\"193\" height=\"77\" srcset=\"https:\/\/www.lesmaconsdelacreuse.fr\/annuaires\/wp-content\/uploads\/2019\/07\/LEGER-Jean-1840.jpg 193w, https:\/\/www.lesmaconsdelacreuse.fr\/annuaires\/wp-content\/uploads\/2019\/07\/LEGER-Jean-1840-16x6.jpg 16w, https:\/\/www.lesmaconsdelacreuse.fr\/annuaires\/wp-content\/uploads\/2019\/07\/LEGER-Jean-1840-150x60.jpg 150w\" sizes=\"auto, (max-width: 193px) 100vw, 193px\" \/><\/a><\/p>\n<p style=\"text-align: center;\">\n<h4 style=\"text-align: center;\"><span style=\"color: #008000;\"><strong>entrepreneur<\/strong><\/span><\/h4>\n<p style=\"text-align: center;\">n\u00e9 \u00e0 Vergnolas (Roy\u00e8re)<\/p>\n<p style=\"text-align: center;\">le 6 novembre 1840<\/p>\n<p style=\"text-align: center;\">fils de<\/p>\n<p style=\"text-align: center;\">Jean L\u00c9GER, <span style=\"color: #008000;\"><strong>ma\u00e7on<\/strong><\/span><\/p>\n<p style=\"text-align: center;\">L\u00e9onarde MARTINAUD, cultivatrice<\/p>\n<p style=\"text-align: center;\"><span style=\"color: #ffffff;\">\u25d9<\/span><\/p>\n<p>\u25ba<a href=\"https:\/\/www.lesmaconsdelacreuse.fr\/annuaires\/\/wp-content\/uploads\/DOCUMENTS\/1867_-_Francois_et_Jean_LEGER_a_Cuire.pdf\" target=\"_blank\" rel=\"noopener\"><span style=\"color: #000000;\"><strong>En 1867<\/strong><\/span><\/a><em>, Jean,<\/em><span style=\"color: #008000;\"><strong> ma\u00e7on,<\/strong><\/span><em> habite Cuire, commune de <\/em><span style=\"color: #0000ff;\"><strong>Caluire (69)<\/strong><\/span><em> , mont\u00e9e de l\u2019\u00c9glise, avec sa m\u00e8re<\/em><\/p>\n<p><em>Il \u00e9pouse \u00c9milie \u00c9lisa <\/em><strong>MERLE <\/strong><em>le 20 janvier <\/em><strong>1868<\/strong><em> \u00e0 Caluire (contrat Bornes).<\/em><\/p>\n<p><em>Ils habitent 16, mont\u00e9e de l\u2019\u00c9glise.<\/em><\/p>\n<p><strong>\u00a0En 1884<\/strong><em>, Jean est <\/em><span style=\"color: #008000;\"><strong>ma\u00eetre-ma\u00e7on<\/strong><\/span><em>\u00a0;<\/em><\/p>\n<p><strong>\u00a0De 1887 \u00e0 1896<\/strong> <em>au moins, ils habitent, 16, rue Coste.<\/em><\/p>\n<p><strong>\u00a0En 1922<\/strong><em>, Jean, <\/em><span style=\"color: #008000;\"><strong>entrepreneur<\/strong><\/span><em>, est veuf, habitant <\/em><span style=\"color: #0000ff;\"><strong>Lyon (69)<\/strong><\/span><em>, 12, rue Romarin.<\/em><\/p>\n<p><em>\u00a0<\/em><em>Il d\u00e9c\u00e8de chez lui, \u00a0le 30 novembre de la m\u00eame ann\u00e9e, \u00e2g\u00e9 de 82 ans, au premier arrondissement de Lyon<\/em><\/p>\n","protected":false},"excerpt":{"rendered":"<p>Mis \u00e0 jour le : 30\/04\/2026Jean L\u00c9GER 1840 \u2013 1922 entrepreneur n\u00e9 \u00e0 Vergnolas (Roy\u00e8re) le 6 novembre 1840 fils de Jean L\u00c9GER, ma\u00e7on L\u00e9onarde MARTINAUD, cultivatrice \u25d9 \u25baEn 1867, Jean, ma\u00e7on, habite Cuire, commune de Caluire (69) , mont\u00e9e de l\u2019\u00c9glise, avec sa m\u00e8re Il \u00e9pouse \u00c9milie \u00c9lisa MERLE le 20 janvier 1868 \u00e0 ..<\/p>\n<div class=\"clear-fix\"><\/div>\n<p><a href=\"https:\/\/www.lesmaconsdelacreuse.fr\/annuaires\/lettre-l\/l_940\/\" title=\"Lire la suite...\">Lire la suite<\/a><\/p>\n","protected":false},"author":6,"featured_media":0,"comment_status":"closed","ping_status":"closed","sticky":false,"template":"","format":"standard","meta":{"_acf_changed":false,"_exactmetrics_skip_tracking":false,"_exactmetrics_sitenote_active":false,"_exactmetrics_sitenote_note":"","_exactmetrics_sitenote_category":0,"footnotes":""},"categories":[19],"tags":[],"class_list":["post-7226","post","type-post","status-publish","format-standard","hentry","category-lettre-l"],"acf":[],"_links":{"self":[{"href":"https:\/\/www.lesmaconsdelacreuse.fr\/annuaires\/wp-json\/wp\/v2\/posts\/7226","targetHints":{"allow":["GET"]}}],"collection":[{"href":"https:\/\/www.lesmaconsdelacreuse.fr\/annuaires\/wp-json\/wp\/v2\/posts"}],"about":[{"href":"https:\/\/www.lesmaconsdelacreuse.fr\/annuaires\/wp-json\/wp\/v2\/types\/post"}],"author":[{"embeddable":true,"href":"https:\/\/www.lesmaconsdelacreuse.fr\/annuaires\/wp-json\/wp\/v2\/users\/6"}],"replies":[{"embeddable":true,"href":"https:\/\/www.lesmaconsdelacreuse.fr\/annuaires\/wp-json\/wp\/v2\/comments?post=7226"}],"version-history":[{"count":3,"href":"https:\/\/www.lesmaconsdelacreuse.fr\/annuaires\/wp-json\/wp\/v2\/posts\/7226\/revisions"}],"predecessor-version":[{"id":199993,"href":"https:\/\/www.lesmaconsdelacreuse.fr\/annuaires\/wp-json\/wp\/v2\/posts\/7226\/revisions\/199993"}],"wp:attachment":[{"href":"https:\/\/www.lesmaconsdelacreuse.fr\/annuaires\/wp-json\/wp\/v2\/media?parent=7226"}],"wp:term":[{"taxonomy":"category","embeddable":true,"href":"https:\/\/www.lesmaconsdelacreuse.fr\/annuaires\/wp-json\/wp\/v2\/categories?post=7226"},{"taxonomy":"post_tag","embeddable":true,"href":"https:\/\/www.lesmaconsdelacreuse.fr\/annuaires\/wp-json\/wp\/v2\/tags?post=7226"}],"curies":[{"name":"wp","href":"https:\/\/api.w.org\/{rel}","templated":true}]}}