{"id":7230,"date":"2019-07-28T13:34:25","date_gmt":"2019-07-28T11:34:25","guid":{"rendered":"http:\/\/lesmaconsdelacreuse.fr\/annuaire\/?p=7230"},"modified":"2020-01-20T11:28:40","modified_gmt":"2020-01-20T10:28:40","slug":"l_962","status":"publish","type":"post","link":"https:\/\/www.lesmaconsdelacreuse.fr\/annuaires\/lettre-l\/l_962\/","title":{"rendered":"LEGRAND Jean-Baptiste (1883-1913)"},"content":{"rendered":"<p class=\"last-updated\"><strong>Mis \u00e0 jour le :<\/strong> 30\/04\/2026<\/p><h2 style=\"text-align: center;\"><strong>Jean-Baptiste LEGRAND<\/strong><\/h2>\n<p style=\"text-align: center;\"><strong>1883 \u2013 1913<\/strong><\/p>\n<h4 style=\"text-align: center;\"><span style=\"color: #008000;\"><strong>ma\u00e7on<\/strong><\/span><\/h4>\n<p style=\"text-align: center;\">n\u00e9 \u00e0 Vauveix (Roy\u00e8re)<\/p>\n<p style=\"text-align: center;\">le 13 mars 1883<\/p>\n<p style=\"text-align: center;\">fils de<\/p>\n<p style=\"text-align: center;\">L\u00e9onard LEGRAND, tailleur d\u2019habits<\/p>\n<p style=\"text-align: center;\">Jeanne PATAUD, cultivatrice<\/p>\n<p style=\"text-align: center;\"><span style=\"color: #ffffff;\">\u25d9<\/span><\/p>\n<p><strong>En 1907<\/strong><em>, Jean-Baptiste travaille \u00e0 <\/em><span style=\"color: #0000ff;\"><strong>Lyon (69)<\/strong><\/span><em><span style=\"color: #0000ff;\">,<\/span> et loge 18, rue Villeroy\u00a0;<\/em><\/p>\n<p><em>Il \u00e9pouse Marie <\/em><strong>TH\u00c9ZILLAT <\/strong><em>\u00e0 Lacelle (19) le 15 f\u00e9vrier <\/em><strong>1908<\/strong><em>. <\/em><\/p>\n<p><em>La m\u00eame ann\u00e9e, toujours \u00e0 Lyon, il habite 80, rue Montgolfier ;<\/em><\/p>\n<p><strong>en 1912<\/strong><em>, 43 bis, rue Villette, 3e arrondissement<\/em><\/p>\n<p><em> Il d\u00e9c\u00e8de \u00e0 cette derni\u00e8re adresse le 30 mai <\/em><strong>1913<\/strong><em>, \u00e2g\u00e9 de 30 ans.<\/em><\/p>\n<p><em>Sa veuve se remarie avec Joanny CHAZEAU.<\/em><\/p>\n","protected":false},"excerpt":{"rendered":"<p>Mis \u00e0 jour le : 30\/04\/2026Jean-Baptiste LEGRAND 1883 \u2013 1913 ma\u00e7on n\u00e9 \u00e0 Vauveix (Roy\u00e8re) le 13 mars 1883 fils de L\u00e9onard LEGRAND, tailleur d\u2019habits Jeanne PATAUD, cultivatrice \u25d9 En 1907, Jean-Baptiste travaille \u00e0 Lyon (69), et loge 18, rue Villeroy\u00a0; Il \u00e9pouse Marie TH\u00c9ZILLAT \u00e0 Lacelle (19) le 15 f\u00e9vrier 1908. La m\u00eame ann\u00e9e, ..<\/p>\n<div class=\"clear-fix\"><\/div>\n<p><a href=\"https:\/\/www.lesmaconsdelacreuse.fr\/annuaires\/lettre-l\/l_962\/\" title=\"Lire la suite...\">Lire la suite<\/a><\/p>\n","protected":false},"author":6,"featured_media":0,"comment_status":"closed","ping_status":"closed","sticky":false,"template":"","format":"standard","meta":{"_acf_changed":false,"_exactmetrics_skip_tracking":false,"_exactmetrics_sitenote_active":false,"_exactmetrics_sitenote_note":"","_exactmetrics_sitenote_category":0,"footnotes":""},"categories":[19],"tags":[],"class_list":["post-7230","post","type-post","status-publish","format-standard","hentry","category-lettre-l"],"acf":[],"_links":{"self":[{"href":"https:\/\/www.lesmaconsdelacreuse.fr\/annuaires\/wp-json\/wp\/v2\/posts\/7230","targetHints":{"allow":["GET"]}}],"collection":[{"href":"https:\/\/www.lesmaconsdelacreuse.fr\/annuaires\/wp-json\/wp\/v2\/posts"}],"about":[{"href":"https:\/\/www.lesmaconsdelacreuse.fr\/annuaires\/wp-json\/wp\/v2\/types\/post"}],"author":[{"embeddable":true,"href":"https:\/\/www.lesmaconsdelacreuse.fr\/annuaires\/wp-json\/wp\/v2\/users\/6"}],"replies":[{"embeddable":true,"href":"https:\/\/www.lesmaconsdelacreuse.fr\/annuaires\/wp-json\/wp\/v2\/comments?post=7230"}],"version-history":[{"count":0,"href":"https:\/\/www.lesmaconsdelacreuse.fr\/annuaires\/wp-json\/wp\/v2\/posts\/7230\/revisions"}],"wp:attachment":[{"href":"https:\/\/www.lesmaconsdelacreuse.fr\/annuaires\/wp-json\/wp\/v2\/media?parent=7230"}],"wp:term":[{"taxonomy":"category","embeddable":true,"href":"https:\/\/www.lesmaconsdelacreuse.fr\/annuaires\/wp-json\/wp\/v2\/categories?post=7230"},{"taxonomy":"post_tag","embeddable":true,"href":"https:\/\/www.lesmaconsdelacreuse.fr\/annuaires\/wp-json\/wp\/v2\/tags?post=7230"}],"curies":[{"name":"wp","href":"https:\/\/api.w.org\/{rel}","templated":true}]}}