{"id":7236,"date":"2019-07-28T13:34:24","date_gmt":"2019-07-28T11:34:24","guid":{"rendered":"http:\/\/lesmaconsdelacreuse.fr\/annuaire\/?p=7236"},"modified":"2020-08-23T11:31:21","modified_gmt":"2020-08-23T09:31:21","slug":"l_937","status":"publish","type":"post","link":"https:\/\/www.lesmaconsdelacreuse.fr\/annuaires\/lettre-l\/l_937\/","title":{"rendered":"LEGER Jean (1807-1859)"},"content":{"rendered":"<p class=\"last-updated\"><strong>Mis \u00e0 jour le :<\/strong> 30\/04\/2026<\/p><h2 style=\"text-align: center;\"><strong>Jean L\u00c9GER<\/strong><\/h2>\n<p style=\"text-align: center;\"><strong>1807 \u2013 1859<\/strong><\/p>\n<p style=\"text-align: center;\"><img decoding=\"async\" title=\"\" src=\"https:\/\/lesmaconsdelacreuse.fr\/annuaire\/wp-content\/uploads\/2019\/07\/image1-1887.jpg\" alt=\"\" data-source-id=\"i.0\" data-asset-id=\"7234\" \/><\/p>\n<h4 style=\"text-align: center;\"><span style=\"color: #008000;\"><strong>ma\u00e7on<\/strong><\/span><\/h4>\n<p style=\"text-align: center;\">n\u00e9 au Feix (Roy\u00e8re)<\/p>\n<p style=\"text-align: center;\">le 17 juin 1807<\/p>\n<p style=\"text-align: center;\">fils de<\/p>\n<p style=\"text-align: center;\">Jean L\u00c9GER \/ Marie LAGAYE<\/p>\n<p style=\"text-align: center;\">cultivateurs<\/p>\n<p style=\"text-align: center;\"><span style=\"color: #ffffff;\">\u25d9<\/span><\/p>\n<p><em>Jean \u00e9pouse L\u00e9onarde <\/em><strong>MARTINAUD<\/strong><em> le 16 f\u00e9vrier <\/em><strong>1836<\/strong> <em>\u00e0 Roy\u00e8re (contrat Toumieux). Le couple vit d\u2019abord \u00e0 Vergnolas.<\/em><\/p>\n<p><strong>En 1859<\/strong><em>, Jean travaille \u00e0 <\/em><span style=\"color: #0000ff;\"><strong>Cuire (69)<\/strong><\/span><em> et les \u00e9poux<\/em> <em>y sont r\u00e9unis<\/em>.<\/p>\n<p><em>Jean y d\u00e9c\u00e8de en leur domicile, le 1er juin de la m\u00eame ann\u00e9e, \u00e2g\u00e9 de 51 ans.<\/em><\/p>\n<p><em>Sa veuve d\u00e9c\u00e8de \u00e0 l\u2019Hospice Saint-Beno\u00eet de Cuire, le 23 mars <\/em>1894<em>, \u00e2g\u00e9e de 85 ans.<\/em><\/p>\n","protected":false},"excerpt":{"rendered":"<p>Mis \u00e0 jour le : 30\/04\/2026Jean L\u00c9GER 1807 \u2013 1859 ma\u00e7on n\u00e9 au Feix (Roy\u00e8re) le 17 juin 1807 fils de Jean L\u00c9GER \/ Marie LAGAYE cultivateurs \u25d9 Jean \u00e9pouse L\u00e9onarde MARTINAUD le 16 f\u00e9vrier 1836 \u00e0 Roy\u00e8re (contrat Toumieux). Le couple vit d\u2019abord \u00e0 Vergnolas. En 1859, Jean travaille \u00e0 Cuire (69) et les ..<\/p>\n<div class=\"clear-fix\"><\/div>\n<p><a href=\"https:\/\/www.lesmaconsdelacreuse.fr\/annuaires\/lettre-l\/l_937\/\" title=\"Lire la suite...\">Lire la suite<\/a><\/p>\n","protected":false},"author":6,"featured_media":0,"comment_status":"closed","ping_status":"closed","sticky":false,"template":"","format":"standard","meta":{"_acf_changed":false,"_exactmetrics_skip_tracking":false,"_exactmetrics_sitenote_active":false,"_exactmetrics_sitenote_note":"","_exactmetrics_sitenote_category":0,"footnotes":""},"categories":[19],"tags":[],"class_list":["post-7236","post","type-post","status-publish","format-standard","hentry","category-lettre-l"],"acf":[],"_links":{"self":[{"href":"https:\/\/www.lesmaconsdelacreuse.fr\/annuaires\/wp-json\/wp\/v2\/posts\/7236","targetHints":{"allow":["GET"]}}],"collection":[{"href":"https:\/\/www.lesmaconsdelacreuse.fr\/annuaires\/wp-json\/wp\/v2\/posts"}],"about":[{"href":"https:\/\/www.lesmaconsdelacreuse.fr\/annuaires\/wp-json\/wp\/v2\/types\/post"}],"author":[{"embeddable":true,"href":"https:\/\/www.lesmaconsdelacreuse.fr\/annuaires\/wp-json\/wp\/v2\/users\/6"}],"replies":[{"embeddable":true,"href":"https:\/\/www.lesmaconsdelacreuse.fr\/annuaires\/wp-json\/wp\/v2\/comments?post=7236"}],"version-history":[{"count":0,"href":"https:\/\/www.lesmaconsdelacreuse.fr\/annuaires\/wp-json\/wp\/v2\/posts\/7236\/revisions"}],"wp:attachment":[{"href":"https:\/\/www.lesmaconsdelacreuse.fr\/annuaires\/wp-json\/wp\/v2\/media?parent=7236"}],"wp:term":[{"taxonomy":"category","embeddable":true,"href":"https:\/\/www.lesmaconsdelacreuse.fr\/annuaires\/wp-json\/wp\/v2\/categories?post=7236"},{"taxonomy":"post_tag","embeddable":true,"href":"https:\/\/www.lesmaconsdelacreuse.fr\/annuaires\/wp-json\/wp\/v2\/tags?post=7236"}],"curies":[{"name":"wp","href":"https:\/\/api.w.org\/{rel}","templated":true}]}}