{"id":7240,"date":"2019-07-28T13:34:24","date_gmt":"2019-07-28T11:34:24","guid":{"rendered":"http:\/\/lesmaconsdelacreuse.fr\/annuaire\/?p=7240"},"modified":"2022-04-11T10:55:22","modified_gmt":"2022-04-11T08:55:22","slug":"l_938","status":"publish","type":"post","link":"https:\/\/www.lesmaconsdelacreuse.fr\/annuaires\/lettre-l\/l_938\/","title":{"rendered":"LEGER Jean (1821-entre 1873 et 1883)"},"content":{"rendered":"<p class=\"last-updated\"><strong>Mis \u00e0 jour le :<\/strong> 30\/04\/2026<\/p><h2 style=\"text-align: center;\"><strong>Jean L\u00c9GER<\/strong><\/h2>\n<p style=\"text-align: center;\"><strong>Fran\u00e7ois L\u00c9GER<\/strong><\/p>\n<p style=\"text-align: center;\"><strong>1821 \u2013 1881<\/strong><\/p>\n<p style=\"text-align: center;\"><img decoding=\"async\" title=\"\" src=\"https:\/\/lesmaconsdelacreuse.fr\/annuaire\/wp-content\/uploads\/2019\/07\/image1-1890.jpg\" alt=\"\" data-source-id=\"i.0\" data-asset-id=\"7239\" \/><\/p>\n<h4 style=\"text-align: center;\"><span style=\"color: #008000;\"><strong>ma\u00e7on <\/strong>et <strong>propri\u00e9taire cultivateur<\/strong><\/span><\/h4>\n<p style=\"text-align: center;\">n\u00e9 au Feix (Roy\u00e8re)<\/p>\n<p style=\"text-align: center;\">le 9 avril 1821<\/p>\n<p style=\"text-align: center;\">fils de<\/p>\n<p style=\"text-align: center;\">Fran\u00e7ois L\u00c9GER,<span style=\"color: #008000;\"> <strong>ma\u00e7on<\/strong><\/span><\/p>\n<p style=\"text-align: center;\">Anne MOREAU, cultivatrice<\/p>\n<p style=\"text-align: center;\"><span style=\"color: #ffffff;\">\u25d9<\/span><\/p>\n<p><em>Jean \u00e9pouse Fran\u00e7oise <\/em><strong>URBAIN <\/strong><em>le 22 f\u00e9vrier <\/em>1847<em> \u00e0 Gentioux. Ils habitent d\u2019abord Le Feix, puis Villemoneix, commune de Gentioux.<\/em><\/p>\n<p><em>\u00a0<\/em><em>Ils d\u00e9c\u00e8dent\u00a0:<\/em><\/p>\n<ul>\n<li><em>Jean, le 17 d\u00e9cembre<\/em> <strong>1881<\/strong><em>, \u00e2g\u00e9 de 60 ans, \u00e0 Villemoneix<\/em><\/li>\n<li><em>Fran\u00e7oise, le 21 juillet <\/em><strong>1887<\/strong><em>, \u00e2g\u00e9e de 62 ans, \u00e0 Train, commune de Saint-Marc-\u00e0-Loubaud, chez son fils Joseph<\/em><\/li>\n<\/ul>\n","protected":false},"excerpt":{"rendered":"<p>Mis \u00e0 jour le : 30\/04\/2026Jean L\u00c9GER Fran\u00e7ois L\u00c9GER 1821 \u2013 1881 ma\u00e7on et propri\u00e9taire cultivateur n\u00e9 au Feix (Roy\u00e8re) le 9 avril 1821 fils de Fran\u00e7ois L\u00c9GER, ma\u00e7on Anne MOREAU, cultivatrice \u25d9 Jean \u00e9pouse Fran\u00e7oise URBAIN le 22 f\u00e9vrier 1847 \u00e0 Gentioux. Ils habitent d\u2019abord Le Feix, puis Villemoneix, commune de Gentioux. \u00a0Ils d\u00e9c\u00e8dent\u00a0: ..<\/p>\n<div class=\"clear-fix\"><\/div>\n<p><a href=\"https:\/\/www.lesmaconsdelacreuse.fr\/annuaires\/lettre-l\/l_938\/\" title=\"Lire la suite...\">Lire la suite<\/a><\/p>\n","protected":false},"author":6,"featured_media":0,"comment_status":"closed","ping_status":"closed","sticky":false,"template":"","format":"standard","meta":{"_acf_changed":false,"_exactmetrics_skip_tracking":false,"_exactmetrics_sitenote_active":false,"_exactmetrics_sitenote_note":"","_exactmetrics_sitenote_category":0,"footnotes":""},"categories":[19],"tags":[],"class_list":["post-7240","post","type-post","status-publish","format-standard","hentry","category-lettre-l"],"acf":[],"_links":{"self":[{"href":"https:\/\/www.lesmaconsdelacreuse.fr\/annuaires\/wp-json\/wp\/v2\/posts\/7240","targetHints":{"allow":["GET"]}}],"collection":[{"href":"https:\/\/www.lesmaconsdelacreuse.fr\/annuaires\/wp-json\/wp\/v2\/posts"}],"about":[{"href":"https:\/\/www.lesmaconsdelacreuse.fr\/annuaires\/wp-json\/wp\/v2\/types\/post"}],"author":[{"embeddable":true,"href":"https:\/\/www.lesmaconsdelacreuse.fr\/annuaires\/wp-json\/wp\/v2\/users\/6"}],"replies":[{"embeddable":true,"href":"https:\/\/www.lesmaconsdelacreuse.fr\/annuaires\/wp-json\/wp\/v2\/comments?post=7240"}],"version-history":[{"count":2,"href":"https:\/\/www.lesmaconsdelacreuse.fr\/annuaires\/wp-json\/wp\/v2\/posts\/7240\/revisions"}],"predecessor-version":[{"id":197379,"href":"https:\/\/www.lesmaconsdelacreuse.fr\/annuaires\/wp-json\/wp\/v2\/posts\/7240\/revisions\/197379"}],"wp:attachment":[{"href":"https:\/\/www.lesmaconsdelacreuse.fr\/annuaires\/wp-json\/wp\/v2\/media?parent=7240"}],"wp:term":[{"taxonomy":"category","embeddable":true,"href":"https:\/\/www.lesmaconsdelacreuse.fr\/annuaires\/wp-json\/wp\/v2\/categories?post=7240"},{"taxonomy":"post_tag","embeddable":true,"href":"https:\/\/www.lesmaconsdelacreuse.fr\/annuaires\/wp-json\/wp\/v2\/tags?post=7240"}],"curies":[{"name":"wp","href":"https:\/\/api.w.org\/{rel}","templated":true}]}}