{"id":7241,"date":"2019-07-28T13:34:24","date_gmt":"2019-07-28T11:34:24","guid":{"rendered":"http:\/\/lesmaconsdelacreuse.fr\/annuaire\/?p=7241"},"modified":"2020-10-02T17:09:48","modified_gmt":"2020-10-02T15:09:48","slug":"l_902","status":"publish","type":"post","link":"https:\/\/www.lesmaconsdelacreuse.fr\/annuaires\/lettre-l\/l_902\/","title":{"rendered":"LEDUC Jean (1846-1909)"},"content":{"rendered":"<p class=\"last-updated\"><strong>Mis \u00e0 jour le :<\/strong> 30\/04\/2026<\/p><h2 style=\"text-align: center;\"><strong>Jean LEDUC<\/strong><\/h2>\n<p style=\"text-align: center;\"><strong>Jean LEDUC jeune<\/strong><\/p>\n<p style=\"text-align: center;\"><strong>1846 \u2013 1909<\/strong><\/p>\n<p style=\"text-align: center;\"><img decoding=\"async\" title=\"\" src=\"https:\/\/lesmaconsdelacreuse.fr\/annuaire\/wp-content\/uploads\/2019\/07\/image1-1889.jpg\" alt=\"\" data-source-id=\"i.0\" data-asset-id=\"7238\" \/><\/p>\n<h4 style=\"text-align: center;\"><span style=\"color: #008000;\"><strong>ma\u00e7on <\/strong>et <strong>propri\u00e9taire cultivateur<\/strong><\/span><\/h4>\n<p>&nbsp;<\/p>\n<p style=\"text-align: center;\">n\u00e9 au Picq (Roy\u00e8re)<\/p>\n<p style=\"text-align: center;\">le 23 septembre 1846<\/p>\n<p style=\"text-align: center;\">fils de<\/p>\n<p style=\"text-align: center;\">Jean LEDUC, <span style=\"color: #008000;\"><strong>ma\u00e7on <\/strong><\/span><strong>\/ <\/strong>Marguerite GRANDRIEUX<\/p>\n<p style=\"text-align: center;\">propri\u00e9taires cultivateurs<\/p>\n<p style=\"text-align: center;\"><span style=\"color: #ffffff;\">\u25d9<\/span><\/p>\n<p><em>Jean \u00e9pouse L\u00e9onarde <\/em><strong>BOULANGER<\/strong><em> le 9 janvier <\/em><strong>1868<\/strong> <em>\u00e0 Roy\u00e8re. Le couple habite Le Picq. <\/em><\/p>\n<p>\u25ba<span style=\"color: #000000;\"><strong><a style=\"color: #000000;\" href=\"https:\/\/www.lesmaconsdelacreuse.fr\/annuaires\/\/wp-content\/uploads\/DOCUMENTS\/1877_-_Jean_LEDUC_jeune_travaille_pour_BLAVY.pdf\" target=\"_blank\" rel=\"noopener noreferrer\">D\u00e8s 1877<\/a><\/strong><\/span><em>, Jean travaille pour <\/em>l<em>\u2019entrepreneur<\/em> Pierre BLAVY\u00a0<em>, ainsi qu\u2019en t\u00e9moigne le petit carnet sur lequel il tenait le compte de ses journ\u00e9es. Malheureusement les lieux exacts ne sont jamais pr\u00e9cis\u00e9s, et les ann\u00e9es pas toujours lisibles. <\/em><\/p>\n<p><strong>En 1887<\/strong><em>, Jean travaille \u00e0 \u25ba<\/em><a href=\"https:\/\/www.lesmaconsdelacreuse.fr\/annuaires\/\/wp-content\/uploads\/PHOTOS_-_CARTES_POSTALES\/ARCACHON_-_villas.jpg\" target=\"_blank\" rel=\"noopener noreferrer\"><strong><span style=\"color: #0000ff;\">Arcachon (33)<\/span><\/strong><\/a><em>, lors du d\u00e9c\u00e8s accidentel de Jean-Baptiste CHENAUD, ma\u00e7on du Picq, puisque c\u2019est lui qui fait la d\u00e9claration \u00e0 la mairie\u00a0; tout\u00a0 comme lui, il doit loger rue de Sourdis.<\/em><\/p>\n<p><em>L\u00e9onarde d\u00e9c\u00e8de au Picq le 1er septembre <\/em><strong>1888,<\/strong> <em>\u00e2g\u00e9e de 43 ans.<\/em><\/p>\n<p><em> Jean se remarie \u00e0 Roy\u00e8re avec L\u00e9onarde <\/em><strong>LENOIR<\/strong><em>, veuve de Th\u00e9odore TAUTY, ma\u00e7on, le 7 f\u00e9vrier <\/em><strong>1893<\/strong><em> (contrat Toumieux). Elle est restauratrice et <strong>\u25ba<a href=\"https:\/\/www.lesmaconsdelacreuse.fr\/annuaires\/wp-content\/uploads\/2020\/08\/LOGEUR-LOGEUSE.png\">logeuse<\/a><\/strong> \u00e0 Lyon, \u25ba <a href=\"https:\/\/www.lesmaconsdelacreuse.fr\/annuaires\/\/wp-content\/uploads\/DOCUMENTS\/1883_-_Leonarde_LENOIR_logeuse_a_Lyon.pdf\" target=\"_blank\" rel=\"noopener noreferrer\">13, rue du Mail<\/a><a href=\"https:\/\/www.lesmaconsdelacreuse.fr\/annuaires\/\/wp-content\/uploads\/DOCUMENTS\/1883_-_Leonarde_LENOIR_logeuse_a_Lyon.pdf\" target=\"_blank\" rel=\"noopener noreferrer\">.<\/a><\/em><\/p>\n<p><em>Les \u00e9poux d\u00e9c\u00e8dent au Picq\u00a0:<\/em><\/p>\n<p><em>\u2022\u00a0 Jean, le 22 juin <\/em><strong>1909<\/strong><em>, \u00e2g\u00e9 de 62 ans<\/em><\/p>\n<p><em>\u2022\u00a0 L\u00e9onarde, le 18 mars <\/em><strong>1932<\/strong><em>, \u00e2g\u00e9e de 79 ans<\/em><\/p>\n<p>&nbsp;<\/p>\n","protected":false},"excerpt":{"rendered":"<p>Mis \u00e0 jour le : 30\/04\/2026Jean LEDUC Jean LEDUC jeune 1846 \u2013 1909 ma\u00e7on et propri\u00e9taire cultivateur &nbsp; n\u00e9 au Picq (Roy\u00e8re) le 23 septembre 1846 fils de Jean LEDUC, ma\u00e7on \/ Marguerite GRANDRIEUX propri\u00e9taires cultivateurs \u25d9 Jean \u00e9pouse L\u00e9onarde BOULANGER le 9 janvier 1868 \u00e0 Roy\u00e8re. Le couple habite Le Picq. \u25baD\u00e8s 1877, Jean ..<\/p>\n<div class=\"clear-fix\"><\/div>\n<p><a href=\"https:\/\/www.lesmaconsdelacreuse.fr\/annuaires\/lettre-l\/l_902\/\" title=\"Lire la suite...\">Lire la suite<\/a><\/p>\n","protected":false},"author":6,"featured_media":0,"comment_status":"closed","ping_status":"closed","sticky":false,"template":"","format":"standard","meta":{"_acf_changed":false,"_exactmetrics_skip_tracking":false,"_exactmetrics_sitenote_active":false,"_exactmetrics_sitenote_note":"","_exactmetrics_sitenote_category":0,"footnotes":""},"categories":[19],"tags":[],"class_list":["post-7241","post","type-post","status-publish","format-standard","hentry","category-lettre-l"],"acf":[],"_links":{"self":[{"href":"https:\/\/www.lesmaconsdelacreuse.fr\/annuaires\/wp-json\/wp\/v2\/posts\/7241","targetHints":{"allow":["GET"]}}],"collection":[{"href":"https:\/\/www.lesmaconsdelacreuse.fr\/annuaires\/wp-json\/wp\/v2\/posts"}],"about":[{"href":"https:\/\/www.lesmaconsdelacreuse.fr\/annuaires\/wp-json\/wp\/v2\/types\/post"}],"author":[{"embeddable":true,"href":"https:\/\/www.lesmaconsdelacreuse.fr\/annuaires\/wp-json\/wp\/v2\/users\/6"}],"replies":[{"embeddable":true,"href":"https:\/\/www.lesmaconsdelacreuse.fr\/annuaires\/wp-json\/wp\/v2\/comments?post=7241"}],"version-history":[{"count":0,"href":"https:\/\/www.lesmaconsdelacreuse.fr\/annuaires\/wp-json\/wp\/v2\/posts\/7241\/revisions"}],"wp:attachment":[{"href":"https:\/\/www.lesmaconsdelacreuse.fr\/annuaires\/wp-json\/wp\/v2\/media?parent=7241"}],"wp:term":[{"taxonomy":"category","embeddable":true,"href":"https:\/\/www.lesmaconsdelacreuse.fr\/annuaires\/wp-json\/wp\/v2\/categories?post=7241"},{"taxonomy":"post_tag","embeddable":true,"href":"https:\/\/www.lesmaconsdelacreuse.fr\/annuaires\/wp-json\/wp\/v2\/tags?post=7241"}],"curies":[{"name":"wp","href":"https:\/\/api.w.org\/{rel}","templated":true}]}}