{"id":7244,"date":"2019-07-28T13:34:24","date_gmt":"2019-07-28T11:34:24","guid":{"rendered":"http:\/\/lesmaconsdelacreuse.fr\/annuaire\/?p=7244"},"modified":"2020-01-20T11:28:42","modified_gmt":"2020-01-20T10:28:42","slug":"l_998","status":"publish","type":"post","link":"https:\/\/www.lesmaconsdelacreuse.fr\/annuaires\/lettre-l\/l_998\/","title":{"rendered":"LEGROS Blaise (1772-apr\u00e8s 1819)"},"content":{"rendered":"<p class=\"last-updated\"><strong>Mis \u00e0 jour le :<\/strong> 30\/04\/2026<\/p><h2 style=\"text-align: center;\"><strong>Blaise LEGROS<\/strong><\/h2>\n<p style=\"text-align: center;\"><strong>1772 &#8211; apr\u00e8s 1819<\/strong><\/p>\n<p style=\"text-align: center;\"><img decoding=\"async\" title=\"\" src=\"https:\/\/lesmaconsdelacreuse.fr\/annuaire\/wp-content\/uploads\/2019\/07\/image1-1891.jpg\" alt=\"\" data-source-id=\"i.0\" data-asset-id=\"7242\" \/><\/p>\n<h4 style=\"text-align: center;\"><span style=\"color: #008000;\"><strong>ma\u00e7on <\/strong>et<strong> cultivateur<\/strong><\/span><\/h4>\n<p style=\"text-align: center;\">n\u00e9 \u00e0 Pr\u00e9sench\u00e8res (Charri\u00e8re)<\/p>\n<p style=\"text-align: center;\">Le 24 juillet 1772<\/p>\n<p style=\"text-align: center;\">fils de<\/p>\n<p style=\"text-align: center;\">L\u00e9onard LEGROS \/ Anne MARTEAU<\/p>\n<p style=\"text-align: center;\">laboureurs<\/p>\n<p style=\"text-align: center;\"><span style=\"color: #ffffff;\">\u25d9<\/span><\/p>\n<p><em>Blaise \u00e9pouse Jeanne<\/em> <strong>LECLAIR<\/strong> <em>le 17 f\u00e9vrier<\/em> <strong>1806<\/strong> <em>\u00e0 Charri\u00e8re<\/em>. <em>Ils habitent<\/em> <em>Pr\u00e9sench\u00e8re.<\/em><\/p>\n<p><em>Veuf, Blaise se remarie le 22 f\u00e9vrier <\/em><strong>1819<\/strong> <em>\u00e0 Peyrat-le-Ch\u00e2teau (87) avec Marie <\/em><strong>BOURZAT<\/strong><em>.<\/em><\/p>\n","protected":false},"excerpt":{"rendered":"<p>Mis \u00e0 jour le : 30\/04\/2026Blaise LEGROS 1772 &#8211; apr\u00e8s 1819 ma\u00e7on et cultivateur n\u00e9 \u00e0 Pr\u00e9sench\u00e8res (Charri\u00e8re) Le 24 juillet 1772 fils de L\u00e9onard LEGROS \/ Anne MARTEAU laboureurs \u25d9 Blaise \u00e9pouse Jeanne LECLAIR le 17 f\u00e9vrier 1806 \u00e0 Charri\u00e8re. Ils habitent Pr\u00e9sench\u00e8re. Veuf, Blaise se remarie le 22 f\u00e9vrier 1819 \u00e0 Peyrat-le-Ch\u00e2teau (87) ..<\/p>\n<div class=\"clear-fix\"><\/div>\n<p><a href=\"https:\/\/www.lesmaconsdelacreuse.fr\/annuaires\/lettre-l\/l_998\/\" title=\"Lire la suite...\">Lire la suite<\/a><\/p>\n","protected":false},"author":6,"featured_media":0,"comment_status":"closed","ping_status":"closed","sticky":false,"template":"","format":"standard","meta":{"_acf_changed":false,"_exactmetrics_skip_tracking":false,"_exactmetrics_sitenote_active":false,"_exactmetrics_sitenote_note":"","_exactmetrics_sitenote_category":0,"footnotes":""},"categories":[19],"tags":[],"class_list":["post-7244","post","type-post","status-publish","format-standard","hentry","category-lettre-l"],"acf":[],"_links":{"self":[{"href":"https:\/\/www.lesmaconsdelacreuse.fr\/annuaires\/wp-json\/wp\/v2\/posts\/7244","targetHints":{"allow":["GET"]}}],"collection":[{"href":"https:\/\/www.lesmaconsdelacreuse.fr\/annuaires\/wp-json\/wp\/v2\/posts"}],"about":[{"href":"https:\/\/www.lesmaconsdelacreuse.fr\/annuaires\/wp-json\/wp\/v2\/types\/post"}],"author":[{"embeddable":true,"href":"https:\/\/www.lesmaconsdelacreuse.fr\/annuaires\/wp-json\/wp\/v2\/users\/6"}],"replies":[{"embeddable":true,"href":"https:\/\/www.lesmaconsdelacreuse.fr\/annuaires\/wp-json\/wp\/v2\/comments?post=7244"}],"version-history":[{"count":0,"href":"https:\/\/www.lesmaconsdelacreuse.fr\/annuaires\/wp-json\/wp\/v2\/posts\/7244\/revisions"}],"wp:attachment":[{"href":"https:\/\/www.lesmaconsdelacreuse.fr\/annuaires\/wp-json\/wp\/v2\/media?parent=7244"}],"wp:term":[{"taxonomy":"category","embeddable":true,"href":"https:\/\/www.lesmaconsdelacreuse.fr\/annuaires\/wp-json\/wp\/v2\/categories?post=7244"},{"taxonomy":"post_tag","embeddable":true,"href":"https:\/\/www.lesmaconsdelacreuse.fr\/annuaires\/wp-json\/wp\/v2\/tags?post=7244"}],"curies":[{"name":"wp","href":"https:\/\/api.w.org\/{rel}","templated":true}]}}