{"id":7245,"date":"2019-07-28T13:34:24","date_gmt":"2019-07-28T11:34:24","guid":{"rendered":"http:\/\/lesmaconsdelacreuse.fr\/annuaire\/?p=7245"},"modified":"2020-10-04T14:33:32","modified_gmt":"2020-10-04T12:33:32","slug":"l_961","status":"publish","type":"post","link":"https:\/\/www.lesmaconsdelacreuse.fr\/annuaires\/lettre-l\/l_961\/","title":{"rendered":"LEGRAND Jean Antoine (1883-1917)"},"content":{"rendered":"<p class=\"last-updated\"><strong>Mis \u00e0 jour le :<\/strong> 30\/04\/2026<\/p><h2 style=\"text-align: center;\"><strong>Jean Antoine LEGRAND<\/strong><\/h2>\n<p style=\"text-align: center;\"><strong>1883 \u2013 1917<\/strong><\/p>\n<p style=\"text-align: center;\"><a href=\"https:\/\/www.lesmaconsdelacreuse.fr\/annuaires\/wp-content\/uploads\/2019\/07\/legrand.jpg\"><img loading=\"lazy\" decoding=\"async\" class=\"alignnone size-full wp-image-178246\" src=\"https:\/\/www.lesmaconsdelacreuse.fr\/annuaires\/wp-content\/uploads\/2019\/07\/legrand.jpg\" alt=\"\" width=\"173\" height=\"94\" srcset=\"https:\/\/www.lesmaconsdelacreuse.fr\/annuaires\/wp-content\/uploads\/2019\/07\/legrand.jpg 173w, https:\/\/www.lesmaconsdelacreuse.fr\/annuaires\/wp-content\/uploads\/2019\/07\/legrand-150x82.jpg 150w\" sizes=\"auto, (max-width: 173px) 100vw, 173px\" \/><\/a><\/p>\n<p>&nbsp;<\/p>\n<h4 style=\"text-align: center;\"><span style=\"color: #008000;\"><strong>ma\u00e7on <\/strong>et<strong> cultivateur<\/strong><\/span><\/h4>\n<p>&nbsp;<\/p>\n<p style=\"text-align: center;\">n\u00e9 \u00e0 La Prade (Saint-Pierre-le-Bost)<\/p>\n<p style=\"text-align: center;\">le 13 septembre 1883<\/p>\n<p style=\"text-align: center;\">fils de<\/p>\n<p style=\"text-align: center;\">Pierre Sylvain LEGRAND, <span style=\"color: #008000;\"><strong>ma\u00e7on <\/strong><\/span>et<strong>\u00a0<span style=\"color: #008000;\">\u25ba<\/span><a href=\"https:\/\/www.lesmaconsdelacreuse.fr\/annuaires\/wp-content\/uploads\/2020\/07\/FUMISTE.png\" target=\"_blank\" rel=\"noopener noreferrer\"><span style=\"color: #008000;\">fumiste<\/span><\/a><\/strong><\/p>\n<p style=\"text-align: center;\">Anna LARBANEIX, couturi\u00e8re<\/p>\n<p style=\"text-align: center;\"><span style=\"color: #ffffff;\">\u25d9<\/span><\/p>\n<p><strong>En 1904<\/strong><em>, Jean est dispens\u00e9 de service militaire comme fils a\u00een\u00e9 de veuve.<\/em><\/p>\n<p><em>Il \u00e9pouse Augustine <\/em><strong>CL\u00c9MENT<\/strong><em> le 18 janvier <\/em><strong>1908<\/strong> <em>\u00e0 Roy\u00e8re. Ils habitent La Prade, commune de Saint-Pierre-le-Bost.<\/em><\/p>\n<p><em>Soldat au 7e R\u00e9giment d\u2019Infanterie, Antoine d\u00e9c\u00e8de de tuberculose pulmonaire \u00e0 l\u2019h\u00f4pital mixte de Cahors (46) le 17 avril <\/em><strong>1917<\/strong><em>, \u00e2g\u00e9 de 33 ans. <\/em><\/p>\n<p><em>Sa veuve d\u00e9c\u00e8de \u00e0 La Prade le 7 janvier <\/em>1953,<em> \u00e2g\u00e9e de 64 ans.<\/em><\/p>\n<p>&nbsp;<\/p>\n","protected":false},"excerpt":{"rendered":"<p>Mis \u00e0 jour le : 30\/04\/2026Jean Antoine LEGRAND 1883 \u2013 1917 &nbsp; ma\u00e7on et cultivateur &nbsp; n\u00e9 \u00e0 La Prade (Saint-Pierre-le-Bost) le 13 septembre 1883 fils de Pierre Sylvain LEGRAND, ma\u00e7on et\u00a0\u25bafumiste Anna LARBANEIX, couturi\u00e8re \u25d9 En 1904, Jean est dispens\u00e9 de service militaire comme fils a\u00een\u00e9 de veuve. Il \u00e9pouse Augustine CL\u00c9MENT le 18 ..<\/p>\n<div class=\"clear-fix\"><\/div>\n<p><a href=\"https:\/\/www.lesmaconsdelacreuse.fr\/annuaires\/lettre-l\/l_961\/\" title=\"Lire la suite...\">Lire la suite<\/a><\/p>\n","protected":false},"author":6,"featured_media":0,"comment_status":"closed","ping_status":"closed","sticky":false,"template":"","format":"standard","meta":{"_acf_changed":false,"_exactmetrics_skip_tracking":false,"_exactmetrics_sitenote_active":false,"_exactmetrics_sitenote_note":"","_exactmetrics_sitenote_category":0,"footnotes":""},"categories":[19],"tags":[],"class_list":["post-7245","post","type-post","status-publish","format-standard","hentry","category-lettre-l"],"acf":[],"_links":{"self":[{"href":"https:\/\/www.lesmaconsdelacreuse.fr\/annuaires\/wp-json\/wp\/v2\/posts\/7245","targetHints":{"allow":["GET"]}}],"collection":[{"href":"https:\/\/www.lesmaconsdelacreuse.fr\/annuaires\/wp-json\/wp\/v2\/posts"}],"about":[{"href":"https:\/\/www.lesmaconsdelacreuse.fr\/annuaires\/wp-json\/wp\/v2\/types\/post"}],"author":[{"embeddable":true,"href":"https:\/\/www.lesmaconsdelacreuse.fr\/annuaires\/wp-json\/wp\/v2\/users\/6"}],"replies":[{"embeddable":true,"href":"https:\/\/www.lesmaconsdelacreuse.fr\/annuaires\/wp-json\/wp\/v2\/comments?post=7245"}],"version-history":[{"count":0,"href":"https:\/\/www.lesmaconsdelacreuse.fr\/annuaires\/wp-json\/wp\/v2\/posts\/7245\/revisions"}],"wp:attachment":[{"href":"https:\/\/www.lesmaconsdelacreuse.fr\/annuaires\/wp-json\/wp\/v2\/media?parent=7245"}],"wp:term":[{"taxonomy":"category","embeddable":true,"href":"https:\/\/www.lesmaconsdelacreuse.fr\/annuaires\/wp-json\/wp\/v2\/categories?post=7245"},{"taxonomy":"post_tag","embeddable":true,"href":"https:\/\/www.lesmaconsdelacreuse.fr\/annuaires\/wp-json\/wp\/v2\/tags?post=7245"}],"curies":[{"name":"wp","href":"https:\/\/api.w.org\/{rel}","templated":true}]}}