{"id":7247,"date":"2019-07-28T13:34:24","date_gmt":"2019-07-28T11:34:24","guid":{"rendered":"http:\/\/lesmaconsdelacreuse.fr\/annuaire\/?p=7247"},"modified":"2020-01-20T11:28:42","modified_gmt":"2020-01-20T10:28:42","slug":"l_888","status":"publish","type":"post","link":"https:\/\/www.lesmaconsdelacreuse.fr\/annuaires\/lettre-l\/l_888\/","title":{"rendered":"LECLERC Pierre (1867-apr\u00e8s 1934)"},"content":{"rendered":"<p class=\"last-updated\"><strong>Mis \u00e0 jour le :<\/strong> 30\/04\/2026<\/p><h2 style=\"text-align: center;\"><strong>Pierre LECLERC<\/strong><\/h2>\n<p style=\"text-align: center;\"><strong>1867 \u2013 apr\u00e8s 1934<\/strong><\/p>\n<p style=\"text-align: center;\"><img loading=\"lazy\" decoding=\"async\" class=\"\" title=\"\" src=\"https:\/\/lesmaconsdelacreuse.fr\/annuaire\/wp-content\/uploads\/2019\/07\/image1-1892.jpg\" alt=\"\" width=\"355\" height=\"72\" data-source-id=\"i.0\" data-asset-id=\"7246\" \/><\/p>\n<h4 style=\"text-align: center;\"><span style=\"color: #008000;\"><strong>ma\u00e7on<\/strong><\/span><\/h4>\n<p style=\"text-align: center;\">n\u00e9 au Picq (Roy\u00e8re)<\/p>\n<p style=\"text-align: center;\">le 30 octobre 1867<\/p>\n<p style=\"text-align: center;\">fils de<\/p>\n<p style=\"text-align: center;\">Jean LECLERC, <span style=\"color: #008000;\"><strong>chef d\u2019atelier<\/strong><\/span><\/p>\n<p style=\"text-align: center;\">Marie Anne NICOUT, cultivatrice<\/p>\n<p style=\"text-align: center;\"><span style=\"color: #ffffff;\">\u25d9<\/span><\/p>\n<p><strong>En 1891<\/strong><em>, Pierre travaille \u00e0 <\/em><span style=\"color: #0000ff;\"><strong>Lyon (69)<\/strong><\/span><em> et loge 126, rue Boileau. <\/em><\/p>\n<p><em>Il \u00e9pouse Marie <\/em><strong>LESTARD<\/strong><em> le 4 f\u00e9vrier <\/em><strong>1893<\/strong> <em>\u00e0 Roy\u00e8re (contrat Toumieux). Ils habitent d\u2019abord Le Picq, Les Bordes, puis Lyon. <\/em><\/p>\n<p><strong>en 1895<\/strong><em>, Pierre est \u00e0 Lyon, 39, rue de Marseille\u00a0;<\/em><\/p>\n<p><strong>en 1896<\/strong><em>, 11, rue Moncey\u00a0;<\/em><\/p>\n<p><strong>en 1903<\/strong><em><strong>,<\/strong> 39, rue Montesquieu\u00a0;<\/em><\/p>\n<p><strong>en 1904<\/strong><em>, 4, rue d\u2019Avignon\u00a0;<\/em><\/p>\n<p><strong>en 1907<\/strong><em>, 31, rue de l\u2019Hospice de Vieillards\u00a0;<\/em><\/p>\n<p><strong>en 1909<\/strong><em>, rue Robert.<\/em><\/p>\n<p><strong>D\u00e8s 1912<\/strong><em>, les \u00e9poux habitent <\/em><span style=\"color: #0000ff;\"><strong>Villeurbanne (69)<\/strong><\/span><em>, 1, rue du Champ de l\u2019Orme\u00a0;<\/em><\/p>\n<p>\u25ba<span style=\"color: #000000;\"><strong><a target=\"_blank\"style=\"color: #000000;\" href=\"https:\/\/www.lesmaconsdelacreuse.fr\/annuaires\/\/wp-content\/uploads\/DOCUMENTS\/1921_-_Pierre_LECLERC_a_Villeurbanne.pdf\">en 1921<\/a><\/strong><\/span><em>, ils sont 107, rue du Quatre-Ao\u00fbt.<\/em><\/p>\n<p><em>Ils divorcent le 12 juillet <\/em><strong>1922<\/strong>.<\/p>\n<p><strong>En 1924<\/strong><em>, Pierre, toujours \u00e0 Villeurbanne, est de retour \u00e0 l\u2019adresse de 1912.<\/em><\/p>\n","protected":false},"excerpt":{"rendered":"<p>Mis \u00e0 jour le : 30\/04\/2026Pierre LECLERC 1867 \u2013 apr\u00e8s 1934 ma\u00e7on n\u00e9 au Picq (Roy\u00e8re) le 30 octobre 1867 fils de Jean LECLERC, chef d\u2019atelier Marie Anne NICOUT, cultivatrice \u25d9 En 1891, Pierre travaille \u00e0 Lyon (69) et loge 126, rue Boileau. Il \u00e9pouse Marie LESTARD le 4 f\u00e9vrier 1893 \u00e0 Roy\u00e8re (contrat Toumieux). ..<\/p>\n<div class=\"clear-fix\"><\/div>\n<p><a href=\"https:\/\/www.lesmaconsdelacreuse.fr\/annuaires\/lettre-l\/l_888\/\" title=\"Lire la suite...\">Lire la suite<\/a><\/p>\n","protected":false},"author":6,"featured_media":0,"comment_status":"closed","ping_status":"closed","sticky":false,"template":"","format":"standard","meta":{"_acf_changed":false,"_exactmetrics_skip_tracking":false,"_exactmetrics_sitenote_active":false,"_exactmetrics_sitenote_note":"","_exactmetrics_sitenote_category":0,"footnotes":""},"categories":[19],"tags":[],"class_list":["post-7247","post","type-post","status-publish","format-standard","hentry","category-lettre-l"],"acf":[],"_links":{"self":[{"href":"https:\/\/www.lesmaconsdelacreuse.fr\/annuaires\/wp-json\/wp\/v2\/posts\/7247","targetHints":{"allow":["GET"]}}],"collection":[{"href":"https:\/\/www.lesmaconsdelacreuse.fr\/annuaires\/wp-json\/wp\/v2\/posts"}],"about":[{"href":"https:\/\/www.lesmaconsdelacreuse.fr\/annuaires\/wp-json\/wp\/v2\/types\/post"}],"author":[{"embeddable":true,"href":"https:\/\/www.lesmaconsdelacreuse.fr\/annuaires\/wp-json\/wp\/v2\/users\/6"}],"replies":[{"embeddable":true,"href":"https:\/\/www.lesmaconsdelacreuse.fr\/annuaires\/wp-json\/wp\/v2\/comments?post=7247"}],"version-history":[{"count":0,"href":"https:\/\/www.lesmaconsdelacreuse.fr\/annuaires\/wp-json\/wp\/v2\/posts\/7247\/revisions"}],"wp:attachment":[{"href":"https:\/\/www.lesmaconsdelacreuse.fr\/annuaires\/wp-json\/wp\/v2\/media?parent=7247"}],"wp:term":[{"taxonomy":"category","embeddable":true,"href":"https:\/\/www.lesmaconsdelacreuse.fr\/annuaires\/wp-json\/wp\/v2\/categories?post=7247"},{"taxonomy":"post_tag","embeddable":true,"href":"https:\/\/www.lesmaconsdelacreuse.fr\/annuaires\/wp-json\/wp\/v2\/tags?post=7247"}],"curies":[{"name":"wp","href":"https:\/\/api.w.org\/{rel}","templated":true}]}}