{"id":7250,"date":"2019-07-28T13:34:24","date_gmt":"2019-07-28T11:34:24","guid":{"rendered":"http:\/\/lesmaconsdelacreuse.fr\/annuaire\/?p=7250"},"modified":"2020-01-20T11:28:41","modified_gmt":"2020-01-20T10:28:41","slug":"l_882","status":"publish","type":"post","link":"https:\/\/www.lesmaconsdelacreuse.fr\/annuaires\/lettre-l\/l_882\/","title":{"rendered":"LECLAIR Martial (1829-1890)"},"content":{"rendered":"<p class=\"last-updated\"><strong>Mis \u00e0 jour le :<\/strong> 30\/04\/2026<\/p><h2 style=\"text-align: center;\"><strong>Martial LECLAIR<\/strong><\/h2>\n<p style=\"text-align: center;\"><strong>Martial CLAIR<\/strong><\/p>\n<p style=\"text-align: center;\"><strong>1829 \u2013 1890<\/strong><\/p>\n<p style=\"text-align: center;\"><img decoding=\"async\" title=\"\" src=\"https:\/\/lesmaconsdelacreuse.fr\/annuaire\/wp-content\/uploads\/2019\/07\/image1-111.png\" alt=\"\" data-source-id=\"i.0\" data-asset-id=\"7249\" \/><\/p>\n<h4 style=\"text-align: center;\"><span style=\"color: #008000;\"><strong>ma\u00e7on <\/strong>et<strong> sabotier<\/strong>; <strong>cultivateur<\/strong><\/span><\/h4>\n<p style=\"text-align: center;\">n\u00e9 \u00e0 Senoueix (Gentioux)<\/p>\n<p style=\"text-align: center;\">le 8 mai 1829<\/p>\n<p style=\"text-align: center;\">fils de<\/p>\n<p style=\"text-align: center;\">L\u00e9onard LECLERC \/ L\u00e9onarde FAUCHER<\/p>\n<p style=\"text-align: center;\">cultivateurs<\/p>\n<p style=\"text-align: center;\"><span style=\"color: #ffffff;\">\u25d9<\/span><\/p>\n<p><em>Martial \u00e9pouse Jeanne <\/em><strong>CHAUSSELAS<\/strong><em> le 20 f\u00e9vrier <\/em><strong>1855<\/strong><em> \u00e0 Saint-Marc-\u00e0-Loubaud (contrat Barjon \u00e0 La Nouaille). Ils habitent d\u2019abord le bourg de Roy\u00e8re.<\/em><\/p>\n<p><em>Jeanne, marchande, d\u00e9c\u00e8de au bourg de La Nouaille le 20 mai <\/em><strong>1861<\/strong><em> , \u00e2g\u00e9e de 38 ans.<\/em><\/p>\n<p><em>Martial se remarie le 25 juin <\/em><strong>1863<\/strong> <em>\u00e0 La Nouaille avec Marie <\/em><strong>CHIREIX <\/strong><em>(contrat Dufour \u00e0 Gentioux). Ils habitent le bourg.<\/em><\/p>\n<p><em>Ils y d\u00e9c\u00e8dent\u00a0:<\/em><\/p>\n<ul>\n<li><em>Marie, marchande, le 4 mars <\/em><strong>1877<\/strong><em>, \u00e2g\u00e9e de 41 ans<\/em><\/li>\n<li><em>Martial, le 1er ao\u00fbt <\/em><strong>1890<\/strong><em>, \u00e2g\u00e9 de 61 ans<\/em><\/li>\n<\/ul>\n","protected":false},"excerpt":{"rendered":"<p>Mis \u00e0 jour le : 30\/04\/2026Martial LECLAIR Martial CLAIR 1829 \u2013 1890 ma\u00e7on et sabotier; cultivateur n\u00e9 \u00e0 Senoueix (Gentioux) le 8 mai 1829 fils de L\u00e9onard LECLERC \/ L\u00e9onarde FAUCHER cultivateurs \u25d9 Martial \u00e9pouse Jeanne CHAUSSELAS le 20 f\u00e9vrier 1855 \u00e0 Saint-Marc-\u00e0-Loubaud (contrat Barjon \u00e0 La Nouaille). Ils habitent d\u2019abord le bourg de Roy\u00e8re. ..<\/p>\n<div class=\"clear-fix\"><\/div>\n<p><a href=\"https:\/\/www.lesmaconsdelacreuse.fr\/annuaires\/lettre-l\/l_882\/\" title=\"Lire la suite...\">Lire la suite<\/a><\/p>\n","protected":false},"author":6,"featured_media":0,"comment_status":"closed","ping_status":"closed","sticky":false,"template":"","format":"standard","meta":{"_acf_changed":false,"_exactmetrics_skip_tracking":false,"_exactmetrics_sitenote_active":false,"_exactmetrics_sitenote_note":"","_exactmetrics_sitenote_category":0,"footnotes":""},"categories":[19],"tags":[],"class_list":["post-7250","post","type-post","status-publish","format-standard","hentry","category-lettre-l"],"acf":[],"_links":{"self":[{"href":"https:\/\/www.lesmaconsdelacreuse.fr\/annuaires\/wp-json\/wp\/v2\/posts\/7250","targetHints":{"allow":["GET"]}}],"collection":[{"href":"https:\/\/www.lesmaconsdelacreuse.fr\/annuaires\/wp-json\/wp\/v2\/posts"}],"about":[{"href":"https:\/\/www.lesmaconsdelacreuse.fr\/annuaires\/wp-json\/wp\/v2\/types\/post"}],"author":[{"embeddable":true,"href":"https:\/\/www.lesmaconsdelacreuse.fr\/annuaires\/wp-json\/wp\/v2\/users\/6"}],"replies":[{"embeddable":true,"href":"https:\/\/www.lesmaconsdelacreuse.fr\/annuaires\/wp-json\/wp\/v2\/comments?post=7250"}],"version-history":[{"count":0,"href":"https:\/\/www.lesmaconsdelacreuse.fr\/annuaires\/wp-json\/wp\/v2\/posts\/7250\/revisions"}],"wp:attachment":[{"href":"https:\/\/www.lesmaconsdelacreuse.fr\/annuaires\/wp-json\/wp\/v2\/media?parent=7250"}],"wp:term":[{"taxonomy":"category","embeddable":true,"href":"https:\/\/www.lesmaconsdelacreuse.fr\/annuaires\/wp-json\/wp\/v2\/categories?post=7250"},{"taxonomy":"post_tag","embeddable":true,"href":"https:\/\/www.lesmaconsdelacreuse.fr\/annuaires\/wp-json\/wp\/v2\/tags?post=7250"}],"curies":[{"name":"wp","href":"https:\/\/api.w.org\/{rel}","templated":true}]}}