{"id":7253,"date":"2019-07-28T13:34:24","date_gmt":"2019-07-28T11:34:24","guid":{"rendered":"http:\/\/lesmaconsdelacreuse.fr\/annuaire\/?p=7253"},"modified":"2021-11-06T19:17:18","modified_gmt":"2021-11-06T18:17:18","slug":"l_910","status":"publish","type":"post","link":"https:\/\/www.lesmaconsdelacreuse.fr\/annuaires\/lettre-l\/l_910\/","title":{"rendered":"LEDUC Joseph \u00c9mile (1874-1945)"},"content":{"rendered":"<p class=\"last-updated\"><strong>Mis \u00e0 jour le :<\/strong> 30\/04\/2026<\/p><h2 style=\"text-align: center;\"><strong>Joseph \u00c9mile LEDUC<\/strong><\/h2>\n<p style=\"text-align: center;\"><strong>\u00c9mile LEDUC<\/strong><\/p>\n<p style=\"text-align: center;\"><strong>1874 \u2013 1945<\/strong><\/p>\n<p style=\"text-align: center;\"><img decoding=\"async\" title=\"\" src=\"https:\/\/lesmaconsdelacreuse.fr\/annuaire\/wp-content\/uploads\/2019\/07\/image1-1894.jpg\" alt=\"\" data-source-id=\"i.0\" data-asset-id=\"7251\" \/><\/p>\n<h4 style=\"text-align: center;\"><span style=\"color: #008000;\"><strong>ma\u00e7on<\/strong> et <em>\u25ba<\/em><a href=\"https:\/\/www.lesmaconsdelacreuse.fr\/annuaires\/wp-content\/uploads\/2020\/07\/FUMISTE.png\" target=\"_blank\" rel=\"noopener noreferrer\"><span style=\"color: #008000;\"><strong>entrepreneur de<\/strong> <\/span><strong><span style=\"color: #008000;\">fumisterie<\/span> <\/strong><\/a>;\u00a0<strong>propri\u00e9taire cultivateur<\/strong><\/span><\/h4>\n<p>&nbsp;<\/p>\n<p style=\"text-align: center;\">n\u00e9 au Picq (Roy\u00e8re)<\/p>\n<p style=\"text-align: center;\">le 24 ao\u00fbt 1874<\/p>\n<p style=\"text-align: center;\">fils de<\/p>\n<p style=\"text-align: center;\">Jean LEDUC Jeune, <span style=\"color: #008000;\"><strong>ma\u00e7on<\/strong><\/span> \/ L\u00e9onarde BOULANGER<\/p>\n<p style=\"text-align: center;\">propri\u00e9taires cultivateurs<\/p>\n<p style=\"text-align: center;\"><span style=\"color: #ffffff;\">\u25d9<\/span><\/p>\n<p><strong>En 1895<\/strong><em>, \u25ba<a href=\"https:\/\/www.lesmaconsdelacreuse.fr\/annuaires\/\/wp-content\/uploads\/PHOTOS_-_CARTES_POSTALES\/LEDUC_Emile.gif\" target=\"_blank\" rel=\"noopener noreferrer\">\u00c9mile<\/a><\/em>, <span style=\"color: #008000;\"><strong>ma\u00e7on<\/strong><\/span>,<em> travaille en <\/em><strong><span style=\"color: #0000ff;\">Gironde<\/span> <\/strong><em>et y passe le conseil de r\u00e9vision.<\/em><\/p>\n<p><strong>en 1898<\/strong><em>, il est \u00e0 <\/em><span style=\"color: #0000ff;\"><strong>Bordeaux (33)<\/strong><\/span><em> 246, route de Bayonne.<\/em><\/p>\n<p><span style=\"color: #008000;\"><strong>Fumiste<\/strong><\/span><em>, il \u00e9pouse \u00c9lise <\/em><strong>VIALATOUX<\/strong><em> le 14 mars <\/em><strong>1901<\/strong> <em>\u00e0 Beaumont (87) (contrat Toumieux \u00e0 Roy\u00e8re).<\/em><\/p>\n<p><strong>En 1903<\/strong><em>, il travaille \u00e0 <\/em><span style=\"color: #0000ff;\"><strong>Paris (75)<\/strong><\/span><em>, et loge rue Didot. <\/em><\/p>\n<p>\u25ba<a href=\"https:\/\/www.lesmaconsdelacreuse.fr\/annuaires\/\/wp-content\/uploads\/PHOTOS_-_CARTES_POSTALES\/LEDUC_Emile_au_barrage_de_Tuillieres.BMP\" target=\"_blank\" rel=\"noopener noreferrer\"><span style=\"color: #000000;\"><strong>En 1907 et 1908<\/strong><\/span><\/a><em>, il travaille \u00e0 la \u25ba<a href=\"https:\/\/www.lesmaconsdelacreuse.fr\/annuaires\/\/wp-content\/uploads\/LEXIQUE\/BARRAGE_DE_TUILIERES.pdf\" target=\"_blank\" rel=\"noopener noreferrer\">construction du barrage<\/a> de <\/em><span style=\"color: #0000ff;\"><strong>Tuili\u00e8res<\/strong><\/span><em>, pr\u00e8s de <\/em><span style=\"color: #0000ff;\"><strong>Mouleydier (24)<\/strong><\/span><em>.<\/em><\/p>\n<p><strong>En 1910<\/strong><em><strong>,<\/strong> il travaille aux mines d\u2019<\/em><span style=\"color: #0000ff;\"><strong>Albi (81)<\/strong><\/span><\/p>\n<p><strong>En 1911<\/strong><em>, il est \u00e0 <\/em><span style=\"color: #000000;\"><strong>Albi <\/strong><\/span><em>, comme <\/em><span style=\"color: #008000;\"><strong>entrepreneur de fumisterie<\/strong><\/span><em>.<\/em><\/p>\n<p>\u25ba<span style=\"color: #000000;\"><strong><a style=\"color: #000000;\" href=\"https:\/\/www.lesmaconsdelacreuse.fr\/annuaires\/\/wp-content\/uploads\/DOCUMENTS\/1912_-_Emile_LEDUC_en_Ariege.pdf\" target=\"_blank\" rel=\"noopener noreferrer\">En 1912<\/a><\/strong><\/span><em>, il travaille \u00e0 <\/em><strong><span style=\"color: #0000ff;\">Vicdessos (09)<\/span>.<\/strong><\/p>\n<p><em>Le 4 ao\u00fbt <\/em><strong>1914<\/strong><em>, il est mobilis\u00e9, et d\u00e9tach\u00e9 \u00e0 la \u25ba <a href=\"https:\/\/www.lesmaconsdelacreuse.fr\/annuaires\/wp-content\/uploads\/2020\/10\/POUDRERIE-DE-TOULOUSE.jpg\" target=\"_blank\" rel=\"noopener noreferrer\">poudrerie de Toulouse<\/a> le 17 juillet <\/em><strong>1915<\/strong><em>.<\/em><\/p>\n<p>\u25ba<a href=\"https:\/\/www.lesmaconsdelacreuse.fr\/annuaires\/\/wp-content\/uploads\/DOCUMENTS\/LEDUC_freres_-_fumistes.pdf\" target=\"_blank\" rel=\"noopener noreferrer\"><span style=\"color: #000000;\"><strong>En 1921<\/strong><\/span><\/a>, <em>domicili\u00e9 au Picq, il est <\/em><span style=\"color: #008000;\"><strong>fumiste industriel<\/strong><\/span><em> \u00e0 Albi, habitant rue Carlusset. Associ\u00e9 avec son fr\u00e8re Jean Victor, leur entreprise est sp\u00e9cialis\u00e9e dans les \u25ba<a href=\"https:\/\/www.lesmaconsdelacreuse.fr\/annuaires\/\/wp-content\/uploads\/DOCUMENTS\/1932_-_Devis_pour_un_four_a_pain_brouillon.pdf\" target=\"_blank\" rel=\"noopener noreferrer\">fours de boulangers<\/a> et de p\u00e2tissiers. Leurs chantiers se situent surtout dans le Tarn, mais aussi en Aveyron, Tarn-et-Garonne et Lot.<\/em><\/p>\n<p><em>Le si\u00e8ge de l\u2019entreprise est au 13, \u25ba<a href=\"https:\/\/www.lesmaconsdelacreuse.fr\/annuaires\/\/wp-content\/uploads\/PHOTOS_-_CARTES_POSTALES\/LEDUC_freres_-_carte_professionnelle.jpg\" target=\"_blank\" rel=\"noopener noreferrer\">Boulevard Alsace-Lorraine<\/a>. <\/em><\/p>\n<p><span style=\"color: #000000;\"><strong>En 1922<\/strong><\/span><em>, il ach\u00e8te un terrain, et y b\u00e2tit \u25ba<a href=\"https:\/\/www.lesmaconsdelacreuse.fr\/annuaires\/\/wp-content\/uploads\/PHOTOS_-_CARTES_POSTALES\/LEDUC_Emile-_sa_maison_a_Albi.jpg\" target=\"_blank\" rel=\"noopener noreferrer\">une maison<\/a> pour sa famille, 30, avenue Dembourg.<\/em><\/p>\n<p><em>Les \u00e9poux se retirent au Picq <\/em><strong>apr\u00e8s 1937<\/strong><em>.<\/em><\/p>\n<p><em>Ils d\u00e9c\u00e8dent\u00a0:<\/em><\/p>\n<ul>\n<li><em>\u00c9mile, au Picq, le 3 octobre <\/em><strong>1945<\/strong><em>, \u00e2g\u00e9 de 71 ans<\/em><\/li>\n<li><em>\u00c9lise, \u00e0 la maison de retraite de Gioux, commune de Saint-Pierre-Bellevue, le 11 octobre <\/em><strong>1975<\/strong><em>, \u00e2g\u00e9e de 94 ans.<\/em><\/li>\n<\/ul>\n<p>&nbsp;<\/p>\n","protected":false},"excerpt":{"rendered":"<p>Mis \u00e0 jour le : 30\/04\/2026Joseph \u00c9mile LEDUC \u00c9mile LEDUC 1874 \u2013 1945 ma\u00e7on et \u25baentrepreneur de fumisterie ;\u00a0propri\u00e9taire cultivateur &nbsp; n\u00e9 au Picq (Roy\u00e8re) le 24 ao\u00fbt 1874 fils de Jean LEDUC Jeune, ma\u00e7on \/ L\u00e9onarde BOULANGER propri\u00e9taires cultivateurs \u25d9 En 1895, \u25ba\u00c9mile, ma\u00e7on, travaille en Gironde et y passe le conseil de r\u00e9vision. ..<\/p>\n<div class=\"clear-fix\"><\/div>\n<p><a href=\"https:\/\/www.lesmaconsdelacreuse.fr\/annuaires\/lettre-l\/l_910\/\" title=\"Lire la suite...\">Lire la suite<\/a><\/p>\n","protected":false},"author":6,"featured_media":0,"comment_status":"closed","ping_status":"closed","sticky":false,"template":"","format":"standard","meta":{"_acf_changed":false,"_exactmetrics_skip_tracking":false,"_exactmetrics_sitenote_active":false,"_exactmetrics_sitenote_note":"","_exactmetrics_sitenote_category":0,"footnotes":""},"categories":[19],"tags":[],"class_list":["post-7253","post","type-post","status-publish","format-standard","hentry","category-lettre-l"],"acf":[],"_links":{"self":[{"href":"https:\/\/www.lesmaconsdelacreuse.fr\/annuaires\/wp-json\/wp\/v2\/posts\/7253","targetHints":{"allow":["GET"]}}],"collection":[{"href":"https:\/\/www.lesmaconsdelacreuse.fr\/annuaires\/wp-json\/wp\/v2\/posts"}],"about":[{"href":"https:\/\/www.lesmaconsdelacreuse.fr\/annuaires\/wp-json\/wp\/v2\/types\/post"}],"author":[{"embeddable":true,"href":"https:\/\/www.lesmaconsdelacreuse.fr\/annuaires\/wp-json\/wp\/v2\/users\/6"}],"replies":[{"embeddable":true,"href":"https:\/\/www.lesmaconsdelacreuse.fr\/annuaires\/wp-json\/wp\/v2\/comments?post=7253"}],"version-history":[{"count":2,"href":"https:\/\/www.lesmaconsdelacreuse.fr\/annuaires\/wp-json\/wp\/v2\/posts\/7253\/revisions"}],"predecessor-version":[{"id":192193,"href":"https:\/\/www.lesmaconsdelacreuse.fr\/annuaires\/wp-json\/wp\/v2\/posts\/7253\/revisions\/192193"}],"wp:attachment":[{"href":"https:\/\/www.lesmaconsdelacreuse.fr\/annuaires\/wp-json\/wp\/v2\/media?parent=7253"}],"wp:term":[{"taxonomy":"category","embeddable":true,"href":"https:\/\/www.lesmaconsdelacreuse.fr\/annuaires\/wp-json\/wp\/v2\/categories?post=7253"},{"taxonomy":"post_tag","embeddable":true,"href":"https:\/\/www.lesmaconsdelacreuse.fr\/annuaires\/wp-json\/wp\/v2\/tags?post=7253"}],"curies":[{"name":"wp","href":"https:\/\/api.w.org\/{rel}","templated":true}]}}