{"id":7260,"date":"2019-07-28T13:34:24","date_gmt":"2019-07-28T11:34:24","guid":{"rendered":"http:\/\/lesmaconsdelacreuse.fr\/annuaire\/?p=7260"},"modified":"2020-01-20T11:28:41","modified_gmt":"2020-01-20T10:28:41","slug":"l_959","status":"publish","type":"post","link":"https:\/\/www.lesmaconsdelacreuse.fr\/annuaires\/lettre-l\/l_959\/","title":{"rendered":"LEGRAND Jean (1754-1793)"},"content":{"rendered":"<p class=\"last-updated\"><strong>Mis \u00e0 jour le :<\/strong> 30\/04\/2026<\/p><h2 style=\"text-align: center;\"><strong>Jean LEGRAND<\/strong><\/h2>\n<p style=\"text-align: center;\"><strong>1754 \u2013 1793<\/strong><\/p>\n<p style=\"text-align: center;\"><img decoding=\"async\" title=\"\" src=\"https:\/\/lesmaconsdelacreuse.fr\/annuaire\/wp-content\/uploads\/2019\/07\/image1-1896.jpg\" alt=\"\" data-source-id=\"i.0\" data-asset-id=\"7256\" \/><\/p>\n<h4 style=\"text-align: center;\"><span style=\"color: #008000;\"><strong>ma\u00e7on <\/strong>et<strong> laboureur<\/strong><\/span><\/h4>\n<p style=\"text-align: center;\">n\u00e9 \u00e0 La Brousse (Saint-Pierre-le-Bost)<\/p>\n<p style=\"text-align: center;\">le 6 octobre 1754<\/p>\n<p style=\"text-align: center;\">fils de<\/p>\n<p style=\"text-align: center;\">Gabriel LEGRAND \/ Marie DELAVALERIE<\/p>\n<p style=\"text-align: center;\">laboureurs<\/p>\n<p style=\"text-align: center;\"><span style=\"color: #ffffff;\">\u25d9<\/span><\/p>\n<p><em>Jean \u00e9pouse Madeleine <\/em><strong>DESTIENNE <\/strong><em>le 14 f\u00e9vrier <\/em><strong>1774<\/strong><em> \u00e0 Saint-Yriex-la-Montagne. Le couple habite La Brousse.<\/em><\/p>\n<p><strong>En 1793<\/strong><em>, Jean travaille \u00e0 <\/em><span style=\"color: #0000ff;\"><strong>Villars (01)<\/strong><\/span><em>.<\/em><\/p>\n<p><em>Il y d\u00e9c\u00e8de en son domicile, le 1er mai de la m\u00eame ann\u00e9e, \u00e2g\u00e9 de 38 ans. D\u00e9c\u00e8s d\u00e9clar\u00e9 par Fran\u00e7ois DODON, entrepreneur de b\u00e2timents, son ami, peut-\u00eatre aussi son employeur.<\/em><\/p>\n<p><em>Sa veuve d\u00e9c\u00e8de \u00e0 La Brousse, le 25 avril <\/em>1808<em>, \u00e2g\u00e9e de 56 ans. <\/em><\/p>\n","protected":false},"excerpt":{"rendered":"<p>Mis \u00e0 jour le : 30\/04\/2026Jean LEGRAND 1754 \u2013 1793 ma\u00e7on et laboureur n\u00e9 \u00e0 La Brousse (Saint-Pierre-le-Bost) le 6 octobre 1754 fils de Gabriel LEGRAND \/ Marie DELAVALERIE laboureurs \u25d9 Jean \u00e9pouse Madeleine DESTIENNE le 14 f\u00e9vrier 1774 \u00e0 Saint-Yriex-la-Montagne. Le couple habite La Brousse. En 1793, Jean travaille \u00e0 Villars (01). Il y ..<\/p>\n<div class=\"clear-fix\"><\/div>\n<p><a href=\"https:\/\/www.lesmaconsdelacreuse.fr\/annuaires\/lettre-l\/l_959\/\" title=\"Lire la suite...\">Lire la suite<\/a><\/p>\n","protected":false},"author":6,"featured_media":0,"comment_status":"closed","ping_status":"closed","sticky":false,"template":"","format":"standard","meta":{"_acf_changed":false,"_exactmetrics_skip_tracking":false,"_exactmetrics_sitenote_active":false,"_exactmetrics_sitenote_note":"","_exactmetrics_sitenote_category":0,"footnotes":""},"categories":[19],"tags":[],"class_list":["post-7260","post","type-post","status-publish","format-standard","hentry","category-lettre-l"],"acf":[],"_links":{"self":[{"href":"https:\/\/www.lesmaconsdelacreuse.fr\/annuaires\/wp-json\/wp\/v2\/posts\/7260","targetHints":{"allow":["GET"]}}],"collection":[{"href":"https:\/\/www.lesmaconsdelacreuse.fr\/annuaires\/wp-json\/wp\/v2\/posts"}],"about":[{"href":"https:\/\/www.lesmaconsdelacreuse.fr\/annuaires\/wp-json\/wp\/v2\/types\/post"}],"author":[{"embeddable":true,"href":"https:\/\/www.lesmaconsdelacreuse.fr\/annuaires\/wp-json\/wp\/v2\/users\/6"}],"replies":[{"embeddable":true,"href":"https:\/\/www.lesmaconsdelacreuse.fr\/annuaires\/wp-json\/wp\/v2\/comments?post=7260"}],"version-history":[{"count":0,"href":"https:\/\/www.lesmaconsdelacreuse.fr\/annuaires\/wp-json\/wp\/v2\/posts\/7260\/revisions"}],"wp:attachment":[{"href":"https:\/\/www.lesmaconsdelacreuse.fr\/annuaires\/wp-json\/wp\/v2\/media?parent=7260"}],"wp:term":[{"taxonomy":"category","embeddable":true,"href":"https:\/\/www.lesmaconsdelacreuse.fr\/annuaires\/wp-json\/wp\/v2\/categories?post=7260"},{"taxonomy":"post_tag","embeddable":true,"href":"https:\/\/www.lesmaconsdelacreuse.fr\/annuaires\/wp-json\/wp\/v2\/tags?post=7260"}],"curies":[{"name":"wp","href":"https:\/\/api.w.org\/{rel}","templated":true}]}}