{"id":7261,"date":"2019-07-28T13:34:24","date_gmt":"2019-07-28T11:34:24","guid":{"rendered":"http:\/\/lesmaconsdelacreuse.fr\/annuaire\/?p=7261"},"modified":"2020-10-03T08:48:11","modified_gmt":"2020-10-03T06:48:11","slug":"l_897","status":"publish","type":"post","link":"https:\/\/www.lesmaconsdelacreuse.fr\/annuaires\/lettre-l\/l_897\/","title":{"rendered":"LEDUC Jean (1812-1880)"},"content":{"rendered":"<p class=\"last-updated\"><strong>Mis \u00e0 jour le :<\/strong> 30\/04\/2026<\/p><h2 style=\"text-align: center;\"><strong>Jean LEDUC<\/strong><\/h2>\n<p style=\"text-align: center;\"><strong>Joseph LEDUC<\/strong><\/p>\n<p style=\"text-align: center;\"><strong>1812 \u2013 1880<\/strong><\/p>\n<p style=\"text-align: center;\"><img decoding=\"async\" title=\"\" src=\"https:\/\/lesmaconsdelacreuse.fr\/annuaire\/wp-content\/uploads\/2019\/07\/image1-1898.jpg\" alt=\"\" data-source-id=\"i.0\" data-asset-id=\"7258\" \/><\/p>\n<h4 style=\"text-align: center;\"><span style=\"color: #008000;\"><strong>ma\u00e7on<\/strong><\/span><\/h4>\n<p>&nbsp;<\/p>\n<p style=\"text-align: center;\">n\u00e9 au Picq (Morterolles)<\/p>\n<p style=\"text-align: center;\">le 30 novembre 1812, <em>selon \u25ba<a href=\"https:\/\/www.lesmaconsdelacreuse.fr\/annuaires\/wp-content\/uploads\/2019\/08\/ACTE-DE-NOTORI\u00c9T\u00c9.png\" target=\"_blank\" rel=\"noopener noreferrer\">acte de notori\u00e9t\u00e9<\/a><br \/>\n<\/em><\/p>\n<p style=\"text-align: center;\">fils de<\/p>\n<p style=\"text-align: center;\">Antoine LEDUC, <span style=\"color: #008000;\"><strong>ma\u00e7on<\/strong><\/span><\/p>\n<p style=\"text-align: center;\">Marie LIARD, cultivatrice<\/p>\n<p style=\"text-align: center;\"><span style=\"color: #ffffff;\">\u25d9<\/span><\/p>\n<p><em>Jean \u00e9pouse L\u00e9onarde <\/em><strong>N\u00c9OLIER<\/strong><em> le 30 janvier <\/em><strong>1841<\/strong><em> \u00e0 Roy\u00e8re (contrat Toumieux). Le couple habite d\u2019abord Le Picq.<\/em><\/p>\n<p><strong>D\u00e8s 1856<\/strong><em>, ils sont \u00e0 <\/em><span style=\"color: #0000ff;\"><strong>Lyon (69)<\/strong><\/span><em>;<\/em><\/p>\n<p><strong>en \u00a01869<\/strong><em>, 21, rue Montesquieu\u00a0;<\/em><\/p>\n<p><strong>d\u00e8s 1870<\/strong>,<em> 20, rue d\u2019 Aguesseau, 3e arrondissement ; <\/em><\/p>\n<p><em>Ils d\u00e9c\u00e8dent \u00e0 Lyon\u00a0:<\/em><\/p>\n<ul>\n<li><em>Jean, le 31 d\u00e9cembre <\/em><strong>1880<\/strong><em>, \u00e2g\u00e9 de 68 ans, \u00e0 la derni\u00e8re adresse<\/em><\/li>\n<li><em>L\u00e9onarde, le 10 ao\u00fbt <\/em><strong>1897<\/strong><em>, \u00e2g\u00e9e de 78 ans, 29, rue Corne de Cerf<\/em><\/li>\n<\/ul>\n<p>&nbsp;<\/p>\n","protected":false},"excerpt":{"rendered":"<p>Mis \u00e0 jour le : 30\/04\/2026Jean LEDUC Joseph LEDUC 1812 \u2013 1880 ma\u00e7on &nbsp; n\u00e9 au Picq (Morterolles) le 30 novembre 1812, selon \u25baacte de notori\u00e9t\u00e9 fils de Antoine LEDUC, ma\u00e7on Marie LIARD, cultivatrice \u25d9 Jean \u00e9pouse L\u00e9onarde N\u00c9OLIER le 30 janvier 1841 \u00e0 Roy\u00e8re (contrat Toumieux). Le couple habite d\u2019abord Le Picq. D\u00e8s 1856, ..<\/p>\n<div class=\"clear-fix\"><\/div>\n<p><a href=\"https:\/\/www.lesmaconsdelacreuse.fr\/annuaires\/lettre-l\/l_897\/\" title=\"Lire la suite...\">Lire la suite<\/a><\/p>\n","protected":false},"author":6,"featured_media":0,"comment_status":"closed","ping_status":"closed","sticky":false,"template":"","format":"standard","meta":{"_acf_changed":false,"_exactmetrics_skip_tracking":false,"_exactmetrics_sitenote_active":false,"_exactmetrics_sitenote_note":"","_exactmetrics_sitenote_category":0,"footnotes":""},"categories":[19],"tags":[],"class_list":["post-7261","post","type-post","status-publish","format-standard","hentry","category-lettre-l"],"acf":[],"_links":{"self":[{"href":"https:\/\/www.lesmaconsdelacreuse.fr\/annuaires\/wp-json\/wp\/v2\/posts\/7261","targetHints":{"allow":["GET"]}}],"collection":[{"href":"https:\/\/www.lesmaconsdelacreuse.fr\/annuaires\/wp-json\/wp\/v2\/posts"}],"about":[{"href":"https:\/\/www.lesmaconsdelacreuse.fr\/annuaires\/wp-json\/wp\/v2\/types\/post"}],"author":[{"embeddable":true,"href":"https:\/\/www.lesmaconsdelacreuse.fr\/annuaires\/wp-json\/wp\/v2\/users\/6"}],"replies":[{"embeddable":true,"href":"https:\/\/www.lesmaconsdelacreuse.fr\/annuaires\/wp-json\/wp\/v2\/comments?post=7261"}],"version-history":[{"count":0,"href":"https:\/\/www.lesmaconsdelacreuse.fr\/annuaires\/wp-json\/wp\/v2\/posts\/7261\/revisions"}],"wp:attachment":[{"href":"https:\/\/www.lesmaconsdelacreuse.fr\/annuaires\/wp-json\/wp\/v2\/media?parent=7261"}],"wp:term":[{"taxonomy":"category","embeddable":true,"href":"https:\/\/www.lesmaconsdelacreuse.fr\/annuaires\/wp-json\/wp\/v2\/categories?post=7261"},{"taxonomy":"post_tag","embeddable":true,"href":"https:\/\/www.lesmaconsdelacreuse.fr\/annuaires\/wp-json\/wp\/v2\/tags?post=7261"}],"curies":[{"name":"wp","href":"https:\/\/api.w.org\/{rel}","templated":true}]}}