{"id":7264,"date":"2019-07-28T13:34:23","date_gmt":"2019-07-28T11:34:23","guid":{"rendered":"http:\/\/lesmaconsdelacreuse.fr\/annuaire\/?p=7264"},"modified":"2020-01-20T11:28:43","modified_gmt":"2020-01-20T10:28:43","slug":"l_886","status":"publish","type":"post","link":"https:\/\/www.lesmaconsdelacreuse.fr\/annuaires\/lettre-l\/l_886\/","title":{"rendered":"LECLERC Philippe Gilbert (1873-1929)"},"content":{"rendered":"<p class=\"last-updated\"><strong>Mis \u00e0 jour le :<\/strong> 30\/04\/2026<\/p><h2 style=\"text-align: center;\"><strong>Philippe Gilbert LECLERC<\/strong><\/h2>\n<p style=\"text-align: center;\"><strong>Philippe LECLERC<\/strong><\/p>\n<p style=\"text-align: center;\"><strong>1873 \u2013 1929<\/strong><\/p>\n<p style=\"text-align: center;\"><img decoding=\"async\" title=\"\" src=\"https:\/\/lesmaconsdelacreuse.fr\/annuaire\/wp-content\/uploads\/2019\/07\/image1-1899.jpg\" alt=\"\" data-source-id=\"i.0\" data-asset-id=\"7262\" \/><\/p>\n<h4 style=\"text-align: center;\"><span style=\"color: #008000;\"><strong>entrepreneur de ma\u00e7onnerie<\/strong><\/span><\/h4>\n<p style=\"text-align: center;\">n\u00e9 \u00e0 Andaleix (Roy\u00e8re)<\/p>\n<p style=\"text-align: center;\">le 3 octobre 1873<\/p>\n<p style=\"text-align: center;\">fils de<\/p>\n<p style=\"text-align: center;\">Guillaume LECLERC, <span style=\"color: #008000;\"><strong>ma\u00e7on<\/strong><\/span><\/p>\n<p style=\"text-align: center;\">Marguerite LEBRAUD, tisserande<\/p>\n<p style=\"text-align: center;\"><span style=\"color: #ffffff;\">\u25d9<\/span><\/p>\n<p><strong>En 1896<\/strong><em>, Philippe, <\/em><span style=\"color: #008000;\"><strong>ma\u00e7on<\/strong><\/span><em>, travaille \u00e0 <\/em><span style=\"color: #0000ff;\"><strong>Lyon (69)<\/strong><\/span><em> et loge 27, rue Moncey.<\/em><\/p>\n<p><em> Il \u00e9pouse Marie-Louise <\/em><strong>LEROUDIER<\/strong><em> le 3 mars <\/em><strong>1900<\/strong><em> \u00e0 Roy\u00e8re (contrat Toumieux).<\/em><\/p>\n<p><em>La m\u00eame ann\u00e9e, Philippe est toujours \u00e0 Lyon, 100, cours Lafayette. <\/em><\/p>\n<p><em>Les premiers enfants naissent aux Bordes, commune de Roy\u00e8re.<\/em><\/p>\n<p><strong>D\u00e8s 1909<\/strong><em>, Les \u00e9poux habitent <\/em><span style=\"color: #0000ff;\"><strong>Villeurbanne (69)<\/strong><\/span><em>, 21, chemin des Poulettes.<\/em><\/p>\n<p><em> Ils y sont toujours \u25ba<\/em><span style=\"color: #000000;\"><strong><a target=\"_blank\"style=\"color: #000000;\" href=\"http:\/\/..\/7_-_DOCUMENTS_ANNEXES\/DOCUMENTS_RELIES\/1913_-_Vente_sur_licitation_aux_Bordes.pdf\">en 1913<\/a><\/strong><\/span><em>. Philippe, <\/em><span style=\"color: #008000;\"><strong>entrepreneur<\/strong><\/span><em>, est concern\u00e9, ainsi que son fr\u00e8re Fran\u00e7ois, et sa m\u00e8re, par la vente sur licitation de la propri\u00e9t\u00e9 familiale des Bordes, commune de Roy\u00e8re.<\/em><\/p>\n<p>\u25ba<span style=\"color: #000000;\"><strong><a target=\"_blank\"style=\"color: #000000;\" href=\"https:\/\/www.lesmaconsdelacreuse.fr\/annuaires\/\/wp-content\/uploads\/DOCUMENTS\/1920_-_vente_aux_encheres_des_biens_de_Philippe_LECLERC.pdf\">En 1920<\/a><\/strong><\/span><em>, a lieu une vente aux ench\u00e8res, suite \u00e0 la faillite de Philippe.<\/em><\/p>\n<p><em>Il d\u00e9c\u00e8de \u00e0 Villeurbanne, le 22 novembre <\/em><strong>1929<\/strong><em> \u00e2g\u00e9 de 56 ans, au domicile conjugal, 8, rue Mansart, o\u00f9 sa veuve habite toujours en 1936. <\/em><\/p>\n","protected":false},"excerpt":{"rendered":"<p>Mis \u00e0 jour le : 30\/04\/2026Philippe Gilbert LECLERC Philippe LECLERC 1873 \u2013 1929 entrepreneur de ma\u00e7onnerie n\u00e9 \u00e0 Andaleix (Roy\u00e8re) le 3 octobre 1873 fils de Guillaume LECLERC, ma\u00e7on Marguerite LEBRAUD, tisserande \u25d9 En 1896, Philippe, ma\u00e7on, travaille \u00e0 Lyon (69) et loge 27, rue Moncey. Il \u00e9pouse Marie-Louise LEROUDIER le 3 mars 1900 \u00e0 ..<\/p>\n<div class=\"clear-fix\"><\/div>\n<p><a href=\"https:\/\/www.lesmaconsdelacreuse.fr\/annuaires\/lettre-l\/l_886\/\" title=\"Lire la suite...\">Lire la suite<\/a><\/p>\n","protected":false},"author":6,"featured_media":0,"comment_status":"closed","ping_status":"closed","sticky":false,"template":"","format":"standard","meta":{"_acf_changed":false,"_exactmetrics_skip_tracking":false,"_exactmetrics_sitenote_active":false,"_exactmetrics_sitenote_note":"","_exactmetrics_sitenote_category":0,"footnotes":""},"categories":[19],"tags":[],"class_list":["post-7264","post","type-post","status-publish","format-standard","hentry","category-lettre-l"],"acf":[],"_links":{"self":[{"href":"https:\/\/www.lesmaconsdelacreuse.fr\/annuaires\/wp-json\/wp\/v2\/posts\/7264","targetHints":{"allow":["GET"]}}],"collection":[{"href":"https:\/\/www.lesmaconsdelacreuse.fr\/annuaires\/wp-json\/wp\/v2\/posts"}],"about":[{"href":"https:\/\/www.lesmaconsdelacreuse.fr\/annuaires\/wp-json\/wp\/v2\/types\/post"}],"author":[{"embeddable":true,"href":"https:\/\/www.lesmaconsdelacreuse.fr\/annuaires\/wp-json\/wp\/v2\/users\/6"}],"replies":[{"embeddable":true,"href":"https:\/\/www.lesmaconsdelacreuse.fr\/annuaires\/wp-json\/wp\/v2\/comments?post=7264"}],"version-history":[{"count":0,"href":"https:\/\/www.lesmaconsdelacreuse.fr\/annuaires\/wp-json\/wp\/v2\/posts\/7264\/revisions"}],"wp:attachment":[{"href":"https:\/\/www.lesmaconsdelacreuse.fr\/annuaires\/wp-json\/wp\/v2\/media?parent=7264"}],"wp:term":[{"taxonomy":"category","embeddable":true,"href":"https:\/\/www.lesmaconsdelacreuse.fr\/annuaires\/wp-json\/wp\/v2\/categories?post=7264"},{"taxonomy":"post_tag","embeddable":true,"href":"https:\/\/www.lesmaconsdelacreuse.fr\/annuaires\/wp-json\/wp\/v2\/tags?post=7264"}],"curies":[{"name":"wp","href":"https:\/\/api.w.org\/{rel}","templated":true}]}}