{"id":7269,"date":"2019-07-28T13:34:23","date_gmt":"2019-07-28T11:34:23","guid":{"rendered":"http:\/\/lesmaconsdelacreuse.fr\/annuaire\/?p=7269"},"modified":"2020-10-02T17:10:45","modified_gmt":"2020-10-02T15:10:45","slug":"l_895","status":"publish","type":"post","link":"https:\/\/www.lesmaconsdelacreuse.fr\/annuaires\/lettre-l\/l_895\/","title":{"rendered":"LEDUC Jean (1807-1868)"},"content":{"rendered":"<p class=\"last-updated\"><strong>Mis \u00e0 jour le :<\/strong> 30\/04\/2026<\/p><h2 style=\"text-align: center;\"><strong>Jean LEDUC<\/strong><\/h2>\n<p style=\"text-align: center;\"><strong>1807 \u2013 1868<\/strong><\/p>\n<p style=\"text-align: center;\"><img decoding=\"async\" title=\"\" src=\"https:\/\/lesmaconsdelacreuse.fr\/annuaire\/wp-content\/uploads\/2019\/07\/image1-1901.jpg\" alt=\"\" data-source-id=\"i.0\" data-asset-id=\"7267\" \/><\/p>\n<h4 style=\"text-align: center;\"><span style=\"color: #008000;\"><strong>entrepreneur de b\u00e2timents<\/strong><\/span>;\u00a0<em><strong>\u25ba<a href=\"https:\/\/www.lesmaconsdelacreuse.fr\/annuaires\/wp-content\/uploads\/2020\/08\/LOGEUR-LOGEUSE.png\"><span style=\"color: #008000;\">logeur<\/span><\/a><\/strong><\/em><\/h4>\n<p>&nbsp;<\/p>\n<p style=\"text-align: center;\">n\u00e9 au Picq (Morterolles)<\/p>\n<p style=\"text-align: center;\">le 28 septembre 1807<\/p>\n<p style=\"text-align: center;\">fils de<\/p>\n<p style=\"text-align: center;\">Joseph LEDUC,<span style=\"color: #008000;\"><strong> ma\u00e7on<\/strong><\/span><\/p>\n<p style=\"text-align: center;\">Marie JARRY, cultivatrice<\/p>\n<p style=\"text-align: center;\"><span style=\"color: #ffffff;\">\u25d9<\/span><\/p>\n<p><em><strong>En 1826<\/strong>, Jean<\/em><em>, <\/em><strong>ma\u00e7on<\/strong><em>,ne sait pas encore signer.<br \/>\n<\/em><\/p>\n<p><em>Il \u00e9pouse Jeanne <\/em><strong>MIAN<\/strong><em> \u00e0 Morterolles le 26 f\u00e9vrier <\/em><strong>1829<\/strong><em> (contrat Lepetit au Monteil-au-Vicomte). <\/em><\/p>\n<p><strong>En 1833 et 1835<\/strong><em>, Jean travaille \u00e0 <\/em><span style=\"color: #0000ff;\"><strong>Grenay (69)<\/strong><\/span><em>. <\/em><\/p>\n<p><em>Jeanne d\u00e9c\u00e8de le 10 juin <\/em><strong>1838<\/strong> <em>dans la commune de <\/em><span style=\"color: #0000ff;\"><strong>Chandieu (38)<\/strong><\/span><em>, \u00e2g\u00e9e de 30 ans. <\/em><\/p>\n<p><em>Jean se remarie \u00e0 Chandieu avec Claudine <\/em><strong>VAGANAY<\/strong><em>, le 12 novembre <\/em><strong>1839<\/strong><em>.<\/em><\/p>\n<p><strong>De 1840 \u00e0 1842<\/strong> <em>au moins, ils habitent Chandieu.<\/em><\/p>\n<p><strong>En 1846<\/strong><em> ils sont \u00e0 <\/em><span style=\"color: #0000ff;\"><strong>La Guilloti\u00e8re (69)<\/strong><\/span><em>, 34, route de Grenoble, quartier de Monplaisir. <\/em><\/p>\n<p>\u25ba<span style=\"color: #000000;\"><strong><a style=\"color: #000000;\" href=\"https:\/\/www.lesmaconsdelacreuse.fr\/annuaires\/\/wp-content\/uploads\/DOCUMENTS\/1852_-_Jean_LEDUC,%20ma\u00eetre%20ma\u00e7on%20\u00e0%20La%20Guilloti\u00e8re.pdf\" target=\"_blank\" rel=\"noopener noreferrer\">En 1852<\/a> et 1856<\/strong><\/span><em>, ils y sont toujours.<br \/>\n<\/em><\/p>\n<p><strong>En 1854<\/strong>, <em>Jean est<\/em><span style=\"color: #008000;\"><strong> ma\u00eetre-ma\u00e7on<\/strong><\/span>.<\/p>\n<p><strong>En 1857<\/strong><em>, les \u00e9poux habitent 2, place de Monplaisir.<\/em><\/p>\n<p><strong>En 1859 et 1860<\/strong><em>, Jean est incarc\u00e9r\u00e9 \u00e0 la \u25ba<a href=\"https:\/\/www.lesmaconsdelacreuse.fr\/annuaires\/wp-content\/uploads\/2020\/08\/PRISON-SAINT-PAUL.png\" target=\"_blank\" rel=\"noopener noreferrer\">prison Saint-Paul<\/a> puis \u00e0 la <a href=\"https:\/\/www.lesmaconsdelacreuse.fr\/annuaires\/\/wp-content\/uploads\/LEXIQUE\/PRISON_SAINT-JOSEPH.pdf\" target=\"_blank\" rel=\"noopener noreferrer\">\u25ba<\/a><a href=\"https:\/\/www.lesmaconsdelacreuse.fr\/annuaires\/wp-content\/uploads\/2020\/07\/PRISON-SAINT-JOSEPH.png\" target=\"_blank\" rel=\"noopener noreferrer\">prison Saint-Joseph<\/a> pour faux et escroquerie.<\/em><\/p>\n<p>\u25ba<span style=\"color: #000000;\"><strong><a style=\"color: #000000;\" href=\"https:\/\/www.lesmaconsdelacreuse.fr\/annuaires\/\/wp-content\/uploads\/DOCUMENTS\/1862_-_Jean_LEDUC_logeur_a_Lyon.pdf\" target=\"_blank\" rel=\"noopener noreferrer\">En 1862<\/a><\/strong><\/span><em>, il est <\/em><strong><span style=\"color: #008000;\">ma\u00eetre ma\u00e7on<\/span><\/strong><em> et <\/em><span style=\"color: #008000;\"><strong>logeur<\/strong><\/span><em>, et les \u00e9poux habitent 8, rue Montesquieu\u00a0;<\/em><\/p>\n<p><strong>en 1864<\/strong><em>, quartier Monplaisir, place de la Promenade, maison Bouvard.<\/em><\/p>\n<p><strong>en 1867<\/strong><em>, route de Grenoble, maison Morel.<\/em><\/p>\n<p><em>Jean d\u00e9c\u00e8de \u00e0 \u25ba<a href=\"https:\/\/www.lesmaconsdelacreuse.fr\/annuaires\/\/wp-content\/uploads\/PHOTOS_-_CARTES_POSTALES\/\/LYON_-_Hopital_de_lHotel-Dieu.jpg\" target=\"_blank\" rel=\"noopener noreferrer\">l\u2019H\u00f4tel-Dieu<\/a> le 31 mai <\/em><strong>1868<\/strong>,<em> \u00e2g\u00e9 de 60 ans. Le d\u00e9c\u00e8s est d\u00fb \u00e0 la gangr\u00e8ne d\u2019une jambe, suite \u00e0 son amputation.<\/em><\/p>\n<p><em>Sa veuve d\u00e9c\u00e8de au 3e arrondissement, 129, rue de Grenoble, le 21 avril <\/em>1886,<em> \u00e2g\u00e9e de 74 ans. <\/em><\/p>\n<p>&nbsp;<\/p>\n","protected":false},"excerpt":{"rendered":"<p>Mis \u00e0 jour le : 30\/04\/2026Jean LEDUC 1807 \u2013 1868 entrepreneur de b\u00e2timents;\u00a0\u25balogeur &nbsp; n\u00e9 au Picq (Morterolles) le 28 septembre 1807 fils de Joseph LEDUC, ma\u00e7on Marie JARRY, cultivatrice \u25d9 En 1826, Jean, ma\u00e7on,ne sait pas encore signer. Il \u00e9pouse Jeanne MIAN \u00e0 Morterolles le 26 f\u00e9vrier 1829 (contrat Lepetit au Monteil-au-Vicomte). En 1833 ..<\/p>\n<div class=\"clear-fix\"><\/div>\n<p><a href=\"https:\/\/www.lesmaconsdelacreuse.fr\/annuaires\/lettre-l\/l_895\/\" title=\"Lire la suite...\">Lire la suite<\/a><\/p>\n","protected":false},"author":6,"featured_media":0,"comment_status":"closed","ping_status":"closed","sticky":false,"template":"","format":"standard","meta":{"_acf_changed":false,"_exactmetrics_skip_tracking":false,"_exactmetrics_sitenote_active":false,"_exactmetrics_sitenote_note":"","_exactmetrics_sitenote_category":0,"footnotes":""},"categories":[19],"tags":[],"class_list":["post-7269","post","type-post","status-publish","format-standard","hentry","category-lettre-l"],"acf":[],"_links":{"self":[{"href":"https:\/\/www.lesmaconsdelacreuse.fr\/annuaires\/wp-json\/wp\/v2\/posts\/7269","targetHints":{"allow":["GET"]}}],"collection":[{"href":"https:\/\/www.lesmaconsdelacreuse.fr\/annuaires\/wp-json\/wp\/v2\/posts"}],"about":[{"href":"https:\/\/www.lesmaconsdelacreuse.fr\/annuaires\/wp-json\/wp\/v2\/types\/post"}],"author":[{"embeddable":true,"href":"https:\/\/www.lesmaconsdelacreuse.fr\/annuaires\/wp-json\/wp\/v2\/users\/6"}],"replies":[{"embeddable":true,"href":"https:\/\/www.lesmaconsdelacreuse.fr\/annuaires\/wp-json\/wp\/v2\/comments?post=7269"}],"version-history":[{"count":0,"href":"https:\/\/www.lesmaconsdelacreuse.fr\/annuaires\/wp-json\/wp\/v2\/posts\/7269\/revisions"}],"wp:attachment":[{"href":"https:\/\/www.lesmaconsdelacreuse.fr\/annuaires\/wp-json\/wp\/v2\/media?parent=7269"}],"wp:term":[{"taxonomy":"category","embeddable":true,"href":"https:\/\/www.lesmaconsdelacreuse.fr\/annuaires\/wp-json\/wp\/v2\/categories?post=7269"},{"taxonomy":"post_tag","embeddable":true,"href":"https:\/\/www.lesmaconsdelacreuse.fr\/annuaires\/wp-json\/wp\/v2\/tags?post=7269"}],"curies":[{"name":"wp","href":"https:\/\/api.w.org\/{rel}","templated":true}]}}