{"id":7272,"date":"2019-07-28T13:34:23","date_gmt":"2019-07-28T11:34:23","guid":{"rendered":"http:\/\/lesmaconsdelacreuse.fr\/annuaire\/?p=7272"},"modified":"2020-10-03T08:48:38","modified_gmt":"2020-10-03T06:48:38","slug":"l_898","status":"publish","type":"post","link":"https:\/\/www.lesmaconsdelacreuse.fr\/annuaires\/lettre-l\/l_898\/","title":{"rendered":"LEDUC Jean (1826-apr\u00e8s 1876)"},"content":{"rendered":"<p class=\"last-updated\"><strong>Mis \u00e0 jour le :<\/strong> 30\/04\/2026<\/p><h2 style=\"text-align: center;\"><strong>Jean LEDUC<\/strong><\/h2>\n<p style=\"text-align: center;\"><strong>1826 \u2013 apr\u00e8s 1876<\/strong><\/p>\n<h4 style=\"text-align: center;\"><span style=\"color: #008000;\"><strong>ma\u00e7on<\/strong><\/span><\/h4>\n<p>&nbsp;<\/p>\n<p style=\"text-align: center;\">n\u00e9 au Picq (Morterolles)<\/p>\n<p style=\"text-align: center;\">en octobre 1826, <em>selon \u25ba<a href=\"https:\/\/www.lesmaconsdelacreuse.fr\/annuaires\/wp-content\/uploads\/2019\/08\/ACTE-DE-NOTORI\u00c9T\u00c9.png\" target=\"_blank\" rel=\"noopener noreferrer\">acte de notori\u00e9t\u00e9<\/a><br \/>\n<\/em><\/p>\n<p style=\"text-align: center;\">fils de<\/p>\n<p style=\"text-align: center;\">Jean LEDUC, <span style=\"color: #008000;\"><strong>ma\u00e7on <\/strong><\/span><strong>\/ <\/strong>Marguerite GRANDRIEUX<\/p>\n<p style=\"text-align: center;\">propri\u00e9taires cultivateurs<\/p>\n<p style=\"text-align: center;\"><span style=\"color: #ffffff;\">\u25d9<\/span><\/p>\n<p><strong>En 1847<\/strong><em>, Jean travaille dans la commune de <\/em><span style=\"color: #0000ff;\"><strong>Tassin (69)<\/strong><\/span><em>, chez MALDENT, ma\u00eetre ma\u00e7on. Il se pr\u00e9sente devant le conseil de r\u00e9vision avec une fracture \u00e0 la jambe gauche.<\/em><\/p>\n<p><strong>En 1849<\/strong><em>, son p\u00e8re intente un proc\u00e8s \u00e0 la Soci\u00e9t\u00e9 Grellet et Baret d\u2019Aubusson qui s\u2019\u00e9tait engag\u00e9e \u00e0 fournir un rempla\u00e7ant moyennant mille francs, au cas o\u00f9 Jean tirerait un mauvais num\u00e9ro. Le rempla\u00e7ant n\u2019est pas fourni\u00a0: \u00ab\u00a0le jeune homme dut alors revenir de <\/em><span style=\"color: #0000ff;\"><strong>Lyon (69)<\/strong><\/span><em> o\u00f9 il travaillait\u00a0\u00bb.<\/em><\/p>\n<p><strong>En 1876<\/strong>,<em> Jean est <\/em><strong>c\u00e9libataire<\/strong><em>, et loge 8, rue Laurencin, Lyon 2e.<\/em><\/p>\n<p>&nbsp;<\/p>\n","protected":false},"excerpt":{"rendered":"<p>Mis \u00e0 jour le : 30\/04\/2026Jean LEDUC 1826 \u2013 apr\u00e8s 1876 ma\u00e7on &nbsp; n\u00e9 au Picq (Morterolles) en octobre 1826, selon \u25baacte de notori\u00e9t\u00e9 fils de Jean LEDUC, ma\u00e7on \/ Marguerite GRANDRIEUX propri\u00e9taires cultivateurs \u25d9 En 1847, Jean travaille dans la commune de Tassin (69), chez MALDENT, ma\u00eetre ma\u00e7on. Il se pr\u00e9sente devant le conseil ..<\/p>\n<div class=\"clear-fix\"><\/div>\n<p><a href=\"https:\/\/www.lesmaconsdelacreuse.fr\/annuaires\/lettre-l\/l_898\/\" title=\"Lire la suite...\">Lire la suite<\/a><\/p>\n","protected":false},"author":6,"featured_media":0,"comment_status":"closed","ping_status":"closed","sticky":false,"template":"","format":"standard","meta":{"_acf_changed":false,"_exactmetrics_skip_tracking":false,"_exactmetrics_sitenote_active":false,"_exactmetrics_sitenote_note":"","_exactmetrics_sitenote_category":0,"footnotes":""},"categories":[19],"tags":[],"class_list":["post-7272","post","type-post","status-publish","format-standard","hentry","category-lettre-l"],"acf":[],"_links":{"self":[{"href":"https:\/\/www.lesmaconsdelacreuse.fr\/annuaires\/wp-json\/wp\/v2\/posts\/7272","targetHints":{"allow":["GET"]}}],"collection":[{"href":"https:\/\/www.lesmaconsdelacreuse.fr\/annuaires\/wp-json\/wp\/v2\/posts"}],"about":[{"href":"https:\/\/www.lesmaconsdelacreuse.fr\/annuaires\/wp-json\/wp\/v2\/types\/post"}],"author":[{"embeddable":true,"href":"https:\/\/www.lesmaconsdelacreuse.fr\/annuaires\/wp-json\/wp\/v2\/users\/6"}],"replies":[{"embeddable":true,"href":"https:\/\/www.lesmaconsdelacreuse.fr\/annuaires\/wp-json\/wp\/v2\/comments?post=7272"}],"version-history":[{"count":0,"href":"https:\/\/www.lesmaconsdelacreuse.fr\/annuaires\/wp-json\/wp\/v2\/posts\/7272\/revisions"}],"wp:attachment":[{"href":"https:\/\/www.lesmaconsdelacreuse.fr\/annuaires\/wp-json\/wp\/v2\/media?parent=7272"}],"wp:term":[{"taxonomy":"category","embeddable":true,"href":"https:\/\/www.lesmaconsdelacreuse.fr\/annuaires\/wp-json\/wp\/v2\/categories?post=7272"},{"taxonomy":"post_tag","embeddable":true,"href":"https:\/\/www.lesmaconsdelacreuse.fr\/annuaires\/wp-json\/wp\/v2\/tags?post=7272"}],"curies":[{"name":"wp","href":"https:\/\/api.w.org\/{rel}","templated":true}]}}