{"id":7275,"date":"2019-07-28T13:34:23","date_gmt":"2019-07-28T11:34:23","guid":{"rendered":"http:\/\/lesmaconsdelacreuse.fr\/annuaire\/?p=7275"},"modified":"2023-01-04T08:05:21","modified_gmt":"2023-01-04T07:05:21","slug":"l_949","status":"publish","type":"post","link":"https:\/\/www.lesmaconsdelacreuse.fr\/annuaires\/lettre-l\/l_949\/","title":{"rendered":"LEGRAND Antoine (1675-entre 1705 et 1710)"},"content":{"rendered":"<p class=\"last-updated\"><strong>Mis \u00e0 jour le :<\/strong> 30\/04\/2026<\/p><h2 style=\"text-align: center;\"><strong>Antoine LEGRAND<\/strong><\/h2>\n<p style=\"text-align: center;\"><strong>1675 \u2013 entre 1705 et 1710<\/strong><\/p>\n<p style=\"text-align: center;\"><img decoding=\"async\" title=\"\" src=\"https:\/\/lesmaconsdelacreuse.fr\/annuaire\/wp-content\/uploads\/2019\/07\/image1-1902.jpg\" alt=\"\" data-source-id=\"i.0\" data-asset-id=\"7273\" \/><\/p>\n<h4 style=\"text-align: center;\"><span style=\"color: #008000;\"><strong>ma\u00e7on<\/strong><\/span><\/h4>\n<p style=\"text-align: center;\">n\u00e9 au Feix (Roy\u00e8re)<\/p>\n<p style=\"text-align: center;\">le 26 septembre 1675<\/p>\n<p style=\"text-align: center;\">fils de<\/p>\n<p style=\"text-align: center;\">Jean LEGRAND, <span style=\"color: #008000;\"><strong>ma\u00e7on<\/strong><\/span><\/p>\n<p style=\"text-align: center;\">Fran\u00e7oise BARBILLE, cultivatrice<\/p>\n<p style=\"text-align: center;\"><span style=\"color: #ffffff;\">\u25d9<\/span><\/p>\n<p><em>Antoine \u00e9pouse Marguerite <\/em><strong>COUTISSON<\/strong><em> le 26 avril <\/em><strong>1703<\/strong><em> \u00e0 Roy\u00e8re. Ils habitent Le Feix.<\/em><\/p>\n<p><em> Antoine d\u00e9c\u00e8de \u00e0 <\/em><strong><span style=\"color: #0000ff;\">Miribel (01)<\/span> <span style=\"color: #ff00ff;\">avant 1710<\/span><\/strong><em>, date \u00e0 laquelle sa veuve se remarie avec Jean-Baptiste THOMAS. <\/em><\/p>\n<p><em>Elle d\u00e9c\u00e8de au Feix le 21 janvier 1718 \u00ab\u00a0au travail d\u2019enfant\u00a0\u00bb.<\/em><\/p>\n<p>S17<\/p>\n","protected":false},"excerpt":{"rendered":"<p>Mis \u00e0 jour le : 30\/04\/2026Antoine LEGRAND 1675 \u2013 entre 1705 et 1710 ma\u00e7on n\u00e9 au Feix (Roy\u00e8re) le 26 septembre 1675 fils de Jean LEGRAND, ma\u00e7on Fran\u00e7oise BARBILLE, cultivatrice \u25d9 Antoine \u00e9pouse Marguerite COUTISSON le 26 avril 1703 \u00e0 Roy\u00e8re. Ils habitent Le Feix. Antoine d\u00e9c\u00e8de \u00e0 Miribel (01) avant 1710, date \u00e0 laquelle ..<\/p>\n<div class=\"clear-fix\"><\/div>\n<p><a href=\"https:\/\/www.lesmaconsdelacreuse.fr\/annuaires\/lettre-l\/l_949\/\" title=\"Lire la suite...\">Lire la suite<\/a><\/p>\n","protected":false},"author":6,"featured_media":0,"comment_status":"closed","ping_status":"closed","sticky":false,"template":"","format":"standard","meta":{"_acf_changed":false,"_exactmetrics_skip_tracking":false,"_exactmetrics_sitenote_active":false,"_exactmetrics_sitenote_note":"","_exactmetrics_sitenote_category":0,"footnotes":""},"categories":[19],"tags":[],"class_list":["post-7275","post","type-post","status-publish","format-standard","hentry","category-lettre-l"],"acf":[],"_links":{"self":[{"href":"https:\/\/www.lesmaconsdelacreuse.fr\/annuaires\/wp-json\/wp\/v2\/posts\/7275","targetHints":{"allow":["GET"]}}],"collection":[{"href":"https:\/\/www.lesmaconsdelacreuse.fr\/annuaires\/wp-json\/wp\/v2\/posts"}],"about":[{"href":"https:\/\/www.lesmaconsdelacreuse.fr\/annuaires\/wp-json\/wp\/v2\/types\/post"}],"author":[{"embeddable":true,"href":"https:\/\/www.lesmaconsdelacreuse.fr\/annuaires\/wp-json\/wp\/v2\/users\/6"}],"replies":[{"embeddable":true,"href":"https:\/\/www.lesmaconsdelacreuse.fr\/annuaires\/wp-json\/wp\/v2\/comments?post=7275"}],"version-history":[{"count":1,"href":"https:\/\/www.lesmaconsdelacreuse.fr\/annuaires\/wp-json\/wp\/v2\/posts\/7275\/revisions"}],"predecessor-version":[{"id":203660,"href":"https:\/\/www.lesmaconsdelacreuse.fr\/annuaires\/wp-json\/wp\/v2\/posts\/7275\/revisions\/203660"}],"wp:attachment":[{"href":"https:\/\/www.lesmaconsdelacreuse.fr\/annuaires\/wp-json\/wp\/v2\/media?parent=7275"}],"wp:term":[{"taxonomy":"category","embeddable":true,"href":"https:\/\/www.lesmaconsdelacreuse.fr\/annuaires\/wp-json\/wp\/v2\/categories?post=7275"},{"taxonomy":"post_tag","embeddable":true,"href":"https:\/\/www.lesmaconsdelacreuse.fr\/annuaires\/wp-json\/wp\/v2\/tags?post=7275"}],"curies":[{"name":"wp","href":"https:\/\/api.w.org\/{rel}","templated":true}]}}