{"id":7278,"date":"2019-07-28T13:34:22","date_gmt":"2019-07-28T11:34:22","guid":{"rendered":"http:\/\/lesmaconsdelacreuse.fr\/annuaire\/?p=7278"},"modified":"2020-01-20T11:28:44","modified_gmt":"2020-01-20T10:28:44","slug":"l_900","status":"publish","type":"post","link":"https:\/\/www.lesmaconsdelacreuse.fr\/annuaires\/lettre-l\/l_900\/","title":{"rendered":"LEDUC Jean (1841-1919)"},"content":{"rendered":"<p class=\"last-updated\"><strong>Mis \u00e0 jour le :<\/strong> 30\/04\/2026<\/p><h2 style=\"text-align: center;\"><strong>Jean LEDUC<\/strong><\/h2>\n<p style=\"text-align: center;\"><strong>1841 \u2013 1919<\/strong><\/p>\n<p style=\"text-align: center;\"><img loading=\"lazy\" decoding=\"async\" class=\"\" title=\"\" src=\"https:\/\/lesmaconsdelacreuse.fr\/annuaire\/wp-content\/uploads\/2019\/07\/image1-1903.jpg\" alt=\"\" width=\"377\" height=\"124\" data-source-id=\"i.0\" data-asset-id=\"7274\" \/><\/p>\n<h4 style=\"text-align: center;\"><span style=\"color: #008000;\"><strong>ma\u00e7on <\/strong>et<strong> cultivateur<\/strong><\/span><\/h4>\n<p style=\"text-align: center;\">n\u00e9 \u00e0 Rubeyne (Roy\u00e8re)<\/p>\n<p style=\"text-align: center;\">le 3 juillet 1841<\/p>\n<p style=\"text-align: center;\">fils de<\/p>\n<p style=\"text-align: center;\">Jean LEDUC, <span style=\"color: #008000;\"><strong>ma\u00e7on<\/strong><\/span><\/p>\n<p style=\"text-align: center;\">Anne LEGRAND, cultivatrice<\/p>\n<p style=\"text-align: center;\"><span style=\"color: #ffffff;\">\u25d9<\/span><\/p>\n<p><em>Jean \u00e9pouse Anne <\/em><strong>LEGRAND<\/strong><em> (sic) le 30 janvier <\/em><strong>1868<\/strong><em> \u00e0 Saint-Marc-\u00e0-Loubaud (contrat Toumieux \u00e0 Roy\u00e8re).<\/em><\/p>\n<p><em> Ils habitent Rubeyne.<\/em><\/p>\n<p><strong>En 1872<\/strong><em>, Jean travaille \u00e0 <\/em><span style=\"color: #0000ff;\"><strong>Lyon (69)<\/strong><\/span><em> et loge 27, rue du Chapeau-Rouge.<\/em><\/p>\n<p><em>Les \u00e9poux d\u00e9c\u00e8dent \u00e0 Rubeyne\u00a0:<\/em><\/p>\n<ul>\n<li><em> Anne, le 14 mai <\/em><strong>1909<\/strong><em>, \u00e2g\u00e9e de 68 ans<\/em><\/li>\n<li><em> Jean, le 26 janvier <\/em><strong>1919<\/strong><em>, \u00e2g\u00e9 de 77 ans<\/em><\/li>\n<\/ul>\n","protected":false},"excerpt":{"rendered":"<p>Mis \u00e0 jour le : 30\/04\/2026Jean LEDUC 1841 \u2013 1919 ma\u00e7on et cultivateur n\u00e9 \u00e0 Rubeyne (Roy\u00e8re) le 3 juillet 1841 fils de Jean LEDUC, ma\u00e7on Anne LEGRAND, cultivatrice \u25d9 Jean \u00e9pouse Anne LEGRAND (sic) le 30 janvier 1868 \u00e0 Saint-Marc-\u00e0-Loubaud (contrat Toumieux \u00e0 Roy\u00e8re). Ils habitent Rubeyne. En 1872, Jean travaille \u00e0 Lyon (69) ..<\/p>\n<div class=\"clear-fix\"><\/div>\n<p><a href=\"https:\/\/www.lesmaconsdelacreuse.fr\/annuaires\/lettre-l\/l_900\/\" title=\"Lire la suite...\">Lire la suite<\/a><\/p>\n","protected":false},"author":6,"featured_media":0,"comment_status":"closed","ping_status":"closed","sticky":false,"template":"","format":"standard","meta":{"_acf_changed":false,"_exactmetrics_skip_tracking":false,"_exactmetrics_sitenote_active":false,"_exactmetrics_sitenote_note":"","_exactmetrics_sitenote_category":0,"footnotes":""},"categories":[19],"tags":[],"class_list":["post-7278","post","type-post","status-publish","format-standard","hentry","category-lettre-l"],"acf":[],"_links":{"self":[{"href":"https:\/\/www.lesmaconsdelacreuse.fr\/annuaires\/wp-json\/wp\/v2\/posts\/7278","targetHints":{"allow":["GET"]}}],"collection":[{"href":"https:\/\/www.lesmaconsdelacreuse.fr\/annuaires\/wp-json\/wp\/v2\/posts"}],"about":[{"href":"https:\/\/www.lesmaconsdelacreuse.fr\/annuaires\/wp-json\/wp\/v2\/types\/post"}],"author":[{"embeddable":true,"href":"https:\/\/www.lesmaconsdelacreuse.fr\/annuaires\/wp-json\/wp\/v2\/users\/6"}],"replies":[{"embeddable":true,"href":"https:\/\/www.lesmaconsdelacreuse.fr\/annuaires\/wp-json\/wp\/v2\/comments?post=7278"}],"version-history":[{"count":0,"href":"https:\/\/www.lesmaconsdelacreuse.fr\/annuaires\/wp-json\/wp\/v2\/posts\/7278\/revisions"}],"wp:attachment":[{"href":"https:\/\/www.lesmaconsdelacreuse.fr\/annuaires\/wp-json\/wp\/v2\/media?parent=7278"}],"wp:term":[{"taxonomy":"category","embeddable":true,"href":"https:\/\/www.lesmaconsdelacreuse.fr\/annuaires\/wp-json\/wp\/v2\/categories?post=7278"},{"taxonomy":"post_tag","embeddable":true,"href":"https:\/\/www.lesmaconsdelacreuse.fr\/annuaires\/wp-json\/wp\/v2\/tags?post=7278"}],"curies":[{"name":"wp","href":"https:\/\/api.w.org\/{rel}","templated":true}]}}