{"id":7288,"date":"2019-07-28T13:34:21","date_gmt":"2019-07-28T11:34:21","guid":{"rendered":"http:\/\/lesmaconsdelacreuse.fr\/annuaire\/?p=7288"},"modified":"2020-01-20T11:28:45","modified_gmt":"2020-01-20T10:28:45","slug":"l_896","status":"publish","type":"post","link":"https:\/\/www.lesmaconsdelacreuse.fr\/annuaires\/lettre-l\/l_896\/","title":{"rendered":"LEDUC Jean (1810-1895)"},"content":{"rendered":"<p class=\"last-updated\"><strong>Mis \u00e0 jour le :<\/strong> 30\/04\/2026<\/p><h2 style=\"text-align: center;\"><strong>Jean LEDUC<\/strong><\/h2>\n<p style=\"text-align: center;\"><strong>1810 \u2013 1895<\/strong><\/p>\n<p style=\"text-align: center;\"><img decoding=\"async\" title=\"\" src=\"https:\/\/lesmaconsdelacreuse.fr\/annuaire\/wp-content\/uploads\/2019\/07\/image1-1906.jpg\" alt=\"\" data-source-id=\"i.0\" data-asset-id=\"7286\" \/><\/p>\n<h4 style=\"text-align: center;\"><span style=\"color: #008000;\"><strong>ma\u00e7on <\/strong>et <strong>propri\u00e9taire cultivateur<\/strong><\/span><\/h4>\n<p style=\"text-align: center;\">n\u00e9 au Picq (Morterolles)<\/p>\n<p style=\"text-align: center;\">le 20 d\u00e9cembre 1810<\/p>\n<p style=\"text-align: center;\">fils de<\/p>\n<p style=\"text-align: center;\">Jean LEDUC, <span style=\"color: #008000;\"><strong>ma\u00e7on <\/strong><\/span><strong>\/ <\/strong>Marie GOURBAUD<\/p>\n<p style=\"text-align: center;\">propri\u00e9taires cultivateurs<\/p>\n<p style=\"text-align: center;\"><span style=\"color: #ffffff;\">\u25d9<\/span><\/p>\n<p><em>Jean \u00e9pouse Anne <\/em><strong>LEGRAND<\/strong><em> le 4 f\u00e9vrier <\/em><strong>1836<\/strong><em> \u00e0 Saint-Marc-\u00e0-Loubaud (contrat Toumieux \u00e0 Roy\u00e8re).<\/em><\/p>\n<p><em> Ils habitent Rubeyne, commune de Roy\u00e8re.<\/em><\/p>\n<p><em>Ils y d\u00e9c\u00e8dent\u00a0:<\/em><\/p>\n<ul>\n<li><em>Jean, le 18 mai <\/em><strong>1895<\/strong><em>, \u00e2g\u00e9 de 84 ans<\/em><\/li>\n<li><em>Anne, le 29 janvier <\/em><strong>1898<\/strong><em>, \u00e2g\u00e9e de 84 ans<\/em><\/li>\n<\/ul>\n","protected":false},"excerpt":{"rendered":"<p>Mis \u00e0 jour le : 30\/04\/2026Jean LEDUC 1810 \u2013 1895 ma\u00e7on et propri\u00e9taire cultivateur n\u00e9 au Picq (Morterolles) le 20 d\u00e9cembre 1810 fils de Jean LEDUC, ma\u00e7on \/ Marie GOURBAUD propri\u00e9taires cultivateurs \u25d9 Jean \u00e9pouse Anne LEGRAND le 4 f\u00e9vrier 1836 \u00e0 Saint-Marc-\u00e0-Loubaud (contrat Toumieux \u00e0 Roy\u00e8re). Ils habitent Rubeyne, commune de Roy\u00e8re. Ils y ..<\/p>\n<div class=\"clear-fix\"><\/div>\n<p><a href=\"https:\/\/www.lesmaconsdelacreuse.fr\/annuaires\/lettre-l\/l_896\/\" title=\"Lire la suite...\">Lire la suite<\/a><\/p>\n","protected":false},"author":6,"featured_media":0,"comment_status":"closed","ping_status":"closed","sticky":false,"template":"","format":"standard","meta":{"_acf_changed":false,"_exactmetrics_skip_tracking":false,"_exactmetrics_sitenote_active":false,"_exactmetrics_sitenote_note":"","_exactmetrics_sitenote_category":0,"footnotes":""},"categories":[19],"tags":[],"class_list":["post-7288","post","type-post","status-publish","format-standard","hentry","category-lettre-l"],"acf":[],"_links":{"self":[{"href":"https:\/\/www.lesmaconsdelacreuse.fr\/annuaires\/wp-json\/wp\/v2\/posts\/7288","targetHints":{"allow":["GET"]}}],"collection":[{"href":"https:\/\/www.lesmaconsdelacreuse.fr\/annuaires\/wp-json\/wp\/v2\/posts"}],"about":[{"href":"https:\/\/www.lesmaconsdelacreuse.fr\/annuaires\/wp-json\/wp\/v2\/types\/post"}],"author":[{"embeddable":true,"href":"https:\/\/www.lesmaconsdelacreuse.fr\/annuaires\/wp-json\/wp\/v2\/users\/6"}],"replies":[{"embeddable":true,"href":"https:\/\/www.lesmaconsdelacreuse.fr\/annuaires\/wp-json\/wp\/v2\/comments?post=7288"}],"version-history":[{"count":0,"href":"https:\/\/www.lesmaconsdelacreuse.fr\/annuaires\/wp-json\/wp\/v2\/posts\/7288\/revisions"}],"wp:attachment":[{"href":"https:\/\/www.lesmaconsdelacreuse.fr\/annuaires\/wp-json\/wp\/v2\/media?parent=7288"}],"wp:term":[{"taxonomy":"category","embeddable":true,"href":"https:\/\/www.lesmaconsdelacreuse.fr\/annuaires\/wp-json\/wp\/v2\/categories?post=7288"},{"taxonomy":"post_tag","embeddable":true,"href":"https:\/\/www.lesmaconsdelacreuse.fr\/annuaires\/wp-json\/wp\/v2\/tags?post=7288"}],"curies":[{"name":"wp","href":"https:\/\/api.w.org\/{rel}","templated":true}]}}