{"id":7295,"date":"2019-07-28T13:34:21","date_gmt":"2019-07-28T11:34:21","guid":{"rendered":"http:\/\/lesmaconsdelacreuse.fr\/annuaire\/?p=7295"},"modified":"2020-10-04T14:34:31","modified_gmt":"2020-10-04T12:34:31","slug":"l_890","status":"publish","type":"post","link":"https:\/\/www.lesmaconsdelacreuse.fr\/annuaires\/lettre-l\/l_890\/","title":{"rendered":"LEDUC Aim\u00e9 Jean (1910-1975)"},"content":{"rendered":"<p class=\"last-updated\"><strong>Mis \u00e0 jour le :<\/strong> 30\/04\/2026<\/p><h2 style=\"text-align: center;\"><strong>Aim\u00e9 Jean LEDUC<\/strong><\/h2>\n<p style=\"text-align: center;\"><strong>Aim\u00e9 LEDUC<\/strong><\/p>\n<p style=\"text-align: center;\"><strong>1910 \u2013 1975<\/strong><\/p>\n<p style=\"text-align: center;\"><img loading=\"lazy\" decoding=\"async\" class=\"\" title=\"\" src=\"https:\/\/lesmaconsdelacreuse.fr\/annuaire\/wp-content\/uploads\/2019\/07\/image1-1908.jpg\" alt=\"\" width=\"298\" height=\"185\" data-source-id=\"i.0\" data-asset-id=\"7293\" \/><\/p>\n<h4 style=\"text-align: center;\"><span style=\"color: #008000;\"><strong>entrepreneur de ma\u00e7onnerie<\/strong><\/span><\/h4>\n<p>&nbsp;<\/p>\n<p style=\"text-align: center;\">n\u00e9 au Picq (Roy\u00e8re)<\/p>\n<p style=\"text-align: center;\">le 13 avril 1910<\/p>\n<p style=\"text-align: center;\">fils de<\/p>\n<p style=\"text-align: center;\">Joseph \u00c9mile LEDUC, <span style=\"color: #008000;\"><strong>ma\u00e7on<\/strong><\/span> et <span style=\"color: #008000;\"><strong>entrepreneur<\/strong>\u00a0<\/span><strong><em>\u25ba<a href=\"https:\/\/www.lesmaconsdelacreuse.fr\/annuaires\/wp-content\/uploads\/2020\/07\/FUMISTE.png\" target=\"_blank\" rel=\"noopener noreferrer\"><span style=\"color: #008000;\">fumiste<\/span><\/a><\/em><\/strong><\/p>\n<p style=\"text-align: center;\">Maria \u00c9lise VIALATOUX<\/p>\n<p style=\"text-align: center;\">propri\u00e9taires cultivateurs<\/p>\n<p style=\"text-align: center;\"><span style=\"color: #ffffff;\">\u25d9<\/span><\/p>\n<p>\u25ba<a href=\"https:\/\/www.lesmaconsdelacreuse.fr\/annuaires\/\/wp-content\/uploads\/DOCUMENTS\/1930_-_Aime_LEDUC_en_Italie.pdf\" target=\"_blank\" rel=\"noopener noreferrer\"><span style=\"color: #000000;\"><strong>En 1930<\/strong><\/span><\/a>, \u25ba<a href=\"https:\/\/www.lesmaconsdelacreuse.fr\/annuaires\/\/wp-content\/uploads\/PHOTOS_-_CARTES_POSTALES\/LEDUC_Aime_Jean.jpg\" target=\"_blank\" rel=\"noopener noreferrer\">Aim\u00e9<\/a><em> travaille \u00e0<\/em><span style=\"color: #ff6600;\"><strong> Nera Montoro<\/strong><\/span><em>, en <\/em><span style=\"color: #ff6600;\"><strong>ITALIE<\/strong><\/span><em>.<\/em><\/p>\n<p><em>Il \u00e9pouse Raymonde F\u00e9licie Madeleine <\/em><strong>HEUGA<\/strong><em> le 18 juin <\/em><strong>1932<\/strong><em> \u00e0 <\/em><strong><span style=\"color: #0000ff;\">Tarbes<\/span> <span style=\"color: #0000ff;\">(65)<\/span><\/strong><em> o\u00f9 il fonde une petite <\/em><span style=\"color: #008000;\"><strong>entreprise<\/strong><\/span><em> de ma\u00e7onnerie, rue des Mimosas..<\/em><\/p>\n<p><em> Il d\u00e9c\u00e8de \u00e0 Tarbes le 23 avril <\/em><strong>1975<\/strong><em>, \u00e2g\u00e9 de 65 ans.<\/em><\/p>\n<p>&nbsp;<\/p>\n","protected":false},"excerpt":{"rendered":"<p>Mis \u00e0 jour le : 30\/04\/2026Aim\u00e9 Jean LEDUC Aim\u00e9 LEDUC 1910 \u2013 1975 entrepreneur de ma\u00e7onnerie &nbsp; n\u00e9 au Picq (Roy\u00e8re) le 13 avril 1910 fils de Joseph \u00c9mile LEDUC, ma\u00e7on et entrepreneur\u00a0\u25bafumiste Maria \u00c9lise VIALATOUX propri\u00e9taires cultivateurs \u25d9 \u25baEn 1930, \u25baAim\u00e9 travaille \u00e0 Nera Montoro, en ITALIE. Il \u00e9pouse Raymonde F\u00e9licie Madeleine HEUGA le ..<\/p>\n<div class=\"clear-fix\"><\/div>\n<p><a href=\"https:\/\/www.lesmaconsdelacreuse.fr\/annuaires\/lettre-l\/l_890\/\" title=\"Lire la suite...\">Lire la suite<\/a><\/p>\n","protected":false},"author":6,"featured_media":0,"comment_status":"closed","ping_status":"closed","sticky":false,"template":"","format":"standard","meta":{"_acf_changed":false,"_exactmetrics_skip_tracking":false,"_exactmetrics_sitenote_active":false,"_exactmetrics_sitenote_note":"","_exactmetrics_sitenote_category":0,"footnotes":""},"categories":[19],"tags":[],"class_list":["post-7295","post","type-post","status-publish","format-standard","hentry","category-lettre-l"],"acf":[],"_links":{"self":[{"href":"https:\/\/www.lesmaconsdelacreuse.fr\/annuaires\/wp-json\/wp\/v2\/posts\/7295","targetHints":{"allow":["GET"]}}],"collection":[{"href":"https:\/\/www.lesmaconsdelacreuse.fr\/annuaires\/wp-json\/wp\/v2\/posts"}],"about":[{"href":"https:\/\/www.lesmaconsdelacreuse.fr\/annuaires\/wp-json\/wp\/v2\/types\/post"}],"author":[{"embeddable":true,"href":"https:\/\/www.lesmaconsdelacreuse.fr\/annuaires\/wp-json\/wp\/v2\/users\/6"}],"replies":[{"embeddable":true,"href":"https:\/\/www.lesmaconsdelacreuse.fr\/annuaires\/wp-json\/wp\/v2\/comments?post=7295"}],"version-history":[{"count":0,"href":"https:\/\/www.lesmaconsdelacreuse.fr\/annuaires\/wp-json\/wp\/v2\/posts\/7295\/revisions"}],"wp:attachment":[{"href":"https:\/\/www.lesmaconsdelacreuse.fr\/annuaires\/wp-json\/wp\/v2\/media?parent=7295"}],"wp:term":[{"taxonomy":"category","embeddable":true,"href":"https:\/\/www.lesmaconsdelacreuse.fr\/annuaires\/wp-json\/wp\/v2\/categories?post=7295"},{"taxonomy":"post_tag","embeddable":true,"href":"https:\/\/www.lesmaconsdelacreuse.fr\/annuaires\/wp-json\/wp\/v2\/tags?post=7295"}],"curies":[{"name":"wp","href":"https:\/\/api.w.org\/{rel}","templated":true}]}}