{"id":7297,"date":"2019-07-28T13:34:21","date_gmt":"2019-07-28T11:34:21","guid":{"rendered":"http:\/\/lesmaconsdelacreuse.fr\/annuaire\/?p=7297"},"modified":"2020-01-20T11:28:45","modified_gmt":"2020-01-20T10:28:45","slug":"l_963","status":"publish","type":"post","link":"https:\/\/www.lesmaconsdelacreuse.fr\/annuaires\/lettre-l\/l_963\/","title":{"rendered":"LEGRAND Jean Fran\u00e7ois Victor Louis (1900-1955)"},"content":{"rendered":"<p class=\"last-updated\"><strong>Mis \u00e0 jour le :<\/strong> 30\/04\/2026<\/p><h2 style=\"text-align: center;\"><strong>Jean Fran\u00e7ois Victor Louis LEGRAND<\/strong><\/h2>\n<p style=\"text-align: center;\"><strong>Jean LEGRAND<\/strong><\/p>\n<p style=\"text-align: center;\"><strong>1900 \u2013 1955<\/strong><\/p>\n<p style=\"text-align: center;\"><img loading=\"lazy\" decoding=\"async\" class=\"\" title=\"\" src=\"https:\/\/lesmaconsdelacreuse.fr\/annuaire\/wp-content\/uploads\/2019\/07\/image1-113.png\" alt=\"\" width=\"191\" height=\"60\" data-source-id=\"i.0\" data-asset-id=\"7294\" \/><\/p>\n<h4 style=\"text-align: center;\"><span style=\"color: #008000;\"><strong>ma\u00e7on<\/strong><\/span><\/h4>\n<p style=\"text-align: center;\">n\u00e9 \u00e0 La Jassine (Roy\u00e8re)<\/p>\n<p style=\"text-align: center;\">le 20 juin 1900<\/p>\n<p style=\"text-align: center;\">fils de<\/p>\n<p style=\"text-align: center;\">Auguste Charles Adrien LEGRAND \/ Marie BONNAVAUD<\/p>\n<p style=\"text-align: center;\">meuniers et cultivateurs<\/p>\n<p style=\"text-align: center;\"><span style=\"color: #ffffff;\">\u25d9<\/span><\/p>\n<p><strong>En 1922<\/strong><em>, Jean, domicili\u00e9 au Leyris, commune de Roy\u00e8re, \u00e9pouse M\u00e9lanie Alice <\/em><strong>VIGON <\/strong><em>le 28 octobre \u00e0 Roy\u00e8re<\/em> <em>(mari\u00e9s sans contrat).<\/em><\/p>\n<p><strong>D\u00e8s 1924<\/strong><em>, les \u00e9poux habitent <\/em><strong><span style=\"color: #0000ff;\">Lyon (69)<\/span>.<\/strong><\/p>\n<p><strong>En 1931<\/strong><em>, ils sont 165, rue de Cr\u00e9qui, 3e arrondissement\u00a0;<\/em><\/p>\n<p><strong>en 1955<\/strong><em>, au 157 de la m\u00eame rue.<\/em><\/p>\n<p><em>Jean d\u00e9c\u00e8de \u00e0 cette derni\u00e8re adresse, le 17 ao\u00fbt de la m\u00eame ann\u00e9e, \u00e2g\u00e9 de 55 ans.<\/em><\/p>\n<p><em>M\u00e9lanie, domicili\u00e9e \u00e0 Bron (69), 35, rue de la Pag\u00e8re, d\u00e9c\u00e8de \u00e0 l\u2019H\u00f4pital Rockfeller, Lyon 3e, le 27 d\u00e9cembre 1969, \u00e2g\u00e9e de 67 ans.<\/em><\/p>\n","protected":false},"excerpt":{"rendered":"<p>Mis \u00e0 jour le : 30\/04\/2026Jean Fran\u00e7ois Victor Louis LEGRAND Jean LEGRAND 1900 \u2013 1955 ma\u00e7on n\u00e9 \u00e0 La Jassine (Roy\u00e8re) le 20 juin 1900 fils de Auguste Charles Adrien LEGRAND \/ Marie BONNAVAUD meuniers et cultivateurs \u25d9 En 1922, Jean, domicili\u00e9 au Leyris, commune de Roy\u00e8re, \u00e9pouse M\u00e9lanie Alice VIGON le 28 octobre \u00e0 ..<\/p>\n<div class=\"clear-fix\"><\/div>\n<p><a href=\"https:\/\/www.lesmaconsdelacreuse.fr\/annuaires\/lettre-l\/l_963\/\" title=\"Lire la suite...\">Lire la suite<\/a><\/p>\n","protected":false},"author":6,"featured_media":0,"comment_status":"closed","ping_status":"closed","sticky":false,"template":"","format":"standard","meta":{"_acf_changed":false,"_exactmetrics_skip_tracking":false,"_exactmetrics_sitenote_active":false,"_exactmetrics_sitenote_note":"","_exactmetrics_sitenote_category":0,"footnotes":""},"categories":[19],"tags":[],"class_list":["post-7297","post","type-post","status-publish","format-standard","hentry","category-lettre-l"],"acf":[],"_links":{"self":[{"href":"https:\/\/www.lesmaconsdelacreuse.fr\/annuaires\/wp-json\/wp\/v2\/posts\/7297","targetHints":{"allow":["GET"]}}],"collection":[{"href":"https:\/\/www.lesmaconsdelacreuse.fr\/annuaires\/wp-json\/wp\/v2\/posts"}],"about":[{"href":"https:\/\/www.lesmaconsdelacreuse.fr\/annuaires\/wp-json\/wp\/v2\/types\/post"}],"author":[{"embeddable":true,"href":"https:\/\/www.lesmaconsdelacreuse.fr\/annuaires\/wp-json\/wp\/v2\/users\/6"}],"replies":[{"embeddable":true,"href":"https:\/\/www.lesmaconsdelacreuse.fr\/annuaires\/wp-json\/wp\/v2\/comments?post=7297"}],"version-history":[{"count":0,"href":"https:\/\/www.lesmaconsdelacreuse.fr\/annuaires\/wp-json\/wp\/v2\/posts\/7297\/revisions"}],"wp:attachment":[{"href":"https:\/\/www.lesmaconsdelacreuse.fr\/annuaires\/wp-json\/wp\/v2\/media?parent=7297"}],"wp:term":[{"taxonomy":"category","embeddable":true,"href":"https:\/\/www.lesmaconsdelacreuse.fr\/annuaires\/wp-json\/wp\/v2\/categories?post=7297"},{"taxonomy":"post_tag","embeddable":true,"href":"https:\/\/www.lesmaconsdelacreuse.fr\/annuaires\/wp-json\/wp\/v2\/tags?post=7297"}],"curies":[{"name":"wp","href":"https:\/\/api.w.org\/{rel}","templated":true}]}}