{"id":7301,"date":"2019-07-28T13:34:20","date_gmt":"2019-07-28T11:34:20","guid":{"rendered":"http:\/\/lesmaconsdelacreuse.fr\/annuaire\/?p=7301"},"modified":"2020-01-20T11:28:46","modified_gmt":"2020-01-20T10:28:46","slug":"l_1013","status":"publish","type":"post","link":"https:\/\/www.lesmaconsdelacreuse.fr\/annuaires\/lettre-l\/l_1013\/","title":{"rendered":"LEGROS Jean (1773-1834)"},"content":{"rendered":"<p class=\"last-updated\"><strong>Mis \u00e0 jour le :<\/strong> 30\/04\/2026<\/p><h2 style=\"text-align: center;\"><strong>Jean LEGROS<\/strong><\/h2>\n<p style=\"text-align: center;\"><strong>1773 \u2013 1834<\/strong><\/p>\n<p style=\"text-align: center;\"><img decoding=\"async\" title=\"\" src=\"https:\/\/lesmaconsdelacreuse.fr\/annuaire\/wp-content\/uploads\/2019\/07\/image1-1909.jpg\" alt=\"\" data-source-id=\"i.0\" data-asset-id=\"7298\" \/><\/p>\n<h4 style=\"text-align: center;\"><span style=\"color: #008000;\"><strong>ma\u00e7on<\/strong><\/span><\/h4>\n<p style=\"text-align: center;\">n\u00e9 \u00e0 Gioux (Saint-Pierre-le-Bost)<\/p>\n<p style=\"text-align: center;\">le 10 novembre 1773<\/p>\n<p style=\"text-align: center;\">fils de<\/p>\n<p style=\"text-align: center;\">Jean LEGROS \/ Anne FAVAREILLAUD<\/p>\n<p style=\"text-align: center;\"><span style=\"color: #ffffff;\">\u25d9<\/span><\/p>\n<p><em>Jean \u00e9pouse Marie <\/em><strong>GENDRAU<\/strong><em> le 6 novembre <\/em><strong>1814<\/strong> <em>\u00e0 Saint-Pierre.<\/em><\/p>\n<p><em> Ils habitent le bourg de Saint-Pierre-le-Bost, puis Haute-Besse, commune du Monteil-au-Vicomte. <\/em><\/p>\n<p><em>Ils d\u00e9c\u00e8dent\u00a0:<\/em><\/p>\n<ul>\n<li><em>Jean, \u00e0 Pimp\u00e9rigeas, commune de Valli\u00e8re, le 18 f\u00e9vrier <\/em><strong>1834<\/strong><em>, \u00e2g\u00e9 de 60 ans<\/em><\/li>\n<li><em>Marie, \u00e0 La Vau-d\u2019Ugier, m\u00eame commune, le 29 juin <\/em><strong>1858<\/strong><em>, \u00e2g\u00e9e de 66 ans<\/em><\/li>\n<\/ul>\n","protected":false},"excerpt":{"rendered":"<p>Mis \u00e0 jour le : 30\/04\/2026Jean LEGROS 1773 \u2013 1834 ma\u00e7on n\u00e9 \u00e0 Gioux (Saint-Pierre-le-Bost) le 10 novembre 1773 fils de Jean LEGROS \/ Anne FAVAREILLAUD \u25d9 Jean \u00e9pouse Marie GENDRAU le 6 novembre 1814 \u00e0 Saint-Pierre. Ils habitent le bourg de Saint-Pierre-le-Bost, puis Haute-Besse, commune du Monteil-au-Vicomte. Ils d\u00e9c\u00e8dent\u00a0: Jean, \u00e0 Pimp\u00e9rigeas, commune de ..<\/p>\n<div class=\"clear-fix\"><\/div>\n<p><a href=\"https:\/\/www.lesmaconsdelacreuse.fr\/annuaires\/lettre-l\/l_1013\/\" title=\"Lire la suite...\">Lire la suite<\/a><\/p>\n","protected":false},"author":6,"featured_media":0,"comment_status":"closed","ping_status":"closed","sticky":false,"template":"","format":"standard","meta":{"_acf_changed":false,"_exactmetrics_skip_tracking":false,"_exactmetrics_sitenote_active":false,"_exactmetrics_sitenote_note":"","_exactmetrics_sitenote_category":0,"footnotes":""},"categories":[19],"tags":[],"class_list":["post-7301","post","type-post","status-publish","format-standard","hentry","category-lettre-l"],"acf":[],"_links":{"self":[{"href":"https:\/\/www.lesmaconsdelacreuse.fr\/annuaires\/wp-json\/wp\/v2\/posts\/7301","targetHints":{"allow":["GET"]}}],"collection":[{"href":"https:\/\/www.lesmaconsdelacreuse.fr\/annuaires\/wp-json\/wp\/v2\/posts"}],"about":[{"href":"https:\/\/www.lesmaconsdelacreuse.fr\/annuaires\/wp-json\/wp\/v2\/types\/post"}],"author":[{"embeddable":true,"href":"https:\/\/www.lesmaconsdelacreuse.fr\/annuaires\/wp-json\/wp\/v2\/users\/6"}],"replies":[{"embeddable":true,"href":"https:\/\/www.lesmaconsdelacreuse.fr\/annuaires\/wp-json\/wp\/v2\/comments?post=7301"}],"version-history":[{"count":0,"href":"https:\/\/www.lesmaconsdelacreuse.fr\/annuaires\/wp-json\/wp\/v2\/posts\/7301\/revisions"}],"wp:attachment":[{"href":"https:\/\/www.lesmaconsdelacreuse.fr\/annuaires\/wp-json\/wp\/v2\/media?parent=7301"}],"wp:term":[{"taxonomy":"category","embeddable":true,"href":"https:\/\/www.lesmaconsdelacreuse.fr\/annuaires\/wp-json\/wp\/v2\/categories?post=7301"},{"taxonomy":"post_tag","embeddable":true,"href":"https:\/\/www.lesmaconsdelacreuse.fr\/annuaires\/wp-json\/wp\/v2\/tags?post=7301"}],"curies":[{"name":"wp","href":"https:\/\/api.w.org\/{rel}","templated":true}]}}