{"id":7302,"date":"2019-07-28T13:34:20","date_gmt":"2019-07-28T11:34:20","guid":{"rendered":"http:\/\/lesmaconsdelacreuse.fr\/annuaire\/?p=7302"},"modified":"2020-10-04T15:54:40","modified_gmt":"2020-10-04T13:54:40","slug":"l_912","status":"publish","type":"post","link":"https:\/\/www.lesmaconsdelacreuse.fr\/annuaires\/lettre-l\/l_912\/","title":{"rendered":"LEDUC L\u00e9onard Paul (1896-1973)"},"content":{"rendered":"<p class=\"last-updated\"><strong>Mis \u00e0 jour le :<\/strong> 30\/04\/2026<\/p><h2 style=\"text-align: center;\"><strong>L\u00e9onard Paul LEDUC<\/strong><\/h2>\n<p style=\"text-align: center;\"><strong>Paul LEDUC<\/strong><\/p>\n<p style=\"text-align: center;\"><strong>1896 \u2013 1973<\/strong><\/p>\n<p style=\"text-align: center;\"><img loading=\"lazy\" decoding=\"async\" class=\"\" title=\"\" src=\"https:\/\/lesmaconsdelacreuse.fr\/annuaire\/wp-content\/uploads\/2019\/07\/image1-1910.jpg\" alt=\"\" width=\"116\" height=\"94\" data-source-id=\"i.0\" data-asset-id=\"7299\" \/><\/p>\n<h4 style=\"text-align: center;\"><strong><span style=\"color: #008000;\">entrepreneur de<\/span>\u00a0\u25ba<a href=\"https:\/\/www.lesmaconsdelacreuse.fr\/annuaires\/wp-content\/uploads\/2020\/08\/TRAVAUX-PUBLICS-1.png\"><span style=\"color: #008000;\">travaux publics<\/span><\/a><\/strong><\/h4>\n<p>&nbsp;<\/p>\n<p style=\"text-align: center;\">n\u00e9 au Petit-Auriat (Saint-Junien-la-Breg\u00e8re)<\/p>\n<p style=\"text-align: center;\">le 7 octobre 1896<\/p>\n<p style=\"text-align: center;\">fils de<\/p>\n<p style=\"text-align: center;\">Louis LEDUC, facteur<\/p>\n<p style=\"text-align: center;\">Louise LINTIGNAT, cultivatrice<\/p>\n<p style=\"text-align: center;\"><span style=\"color: #ffffff;\">\u25d9<\/span><\/p>\n<p><em>Paul \u00e9pouse Marie-Antoinette <\/em><strong>DUFOUR<\/strong><em> le 15 janvier <\/em><strong>1920<\/strong><em> \u00e0 Saint-Junien-la-Breg\u00e8re (mari\u00e9s sans contrat). <\/em><\/p>\n<p><em>La m\u00eame ann\u00e9e, il est \u00e0 <\/em><span style=\"color: #0000ff;\"><strong>Verdun (55)<\/strong><\/span><em>, 110 et 112, faubourg Favier\u00a0;<\/em><\/p>\n<p><strong>en 1927<\/strong><em>, \u00e0 <\/em><span style=\"color: #0000ff;\"><strong>Suippes (51)<\/strong><\/span><em>, 81, rue Jean-Baptiste Martin\u00a0;<\/em><\/p>\n<p><strong>de 1930 \u00e0 1949<\/strong> <em>au moins, \u00e0 <\/em><span style=\"color: #0000ff;\"><strong>Reims (51)<\/strong><\/span><em>, 152, boulevard Dauphinot. <\/em><\/p>\n<p><em>Les \u00e9poux d\u00e9c\u00e8dent\u00a0:<\/em><\/p>\n<ul>\n<li><em>Paul, \u00e0 Reims, le 11 mai <\/em><strong>1973<\/strong>,<em> \u00e2g\u00e9 de 76 ans<\/em><\/li>\n<li><em>Marie-Antoinette, au Gault-Soigny (51), le 20 mai <\/em><strong>1977<\/strong><em>, \u00e2g\u00e9e de 79 ans<\/em><\/li>\n<\/ul>\n<p>&nbsp;<\/p>\n","protected":false},"excerpt":{"rendered":"<p>Mis \u00e0 jour le : 30\/04\/2026L\u00e9onard Paul LEDUC Paul LEDUC 1896 \u2013 1973 entrepreneur de\u00a0\u25batravaux publics &nbsp; n\u00e9 au Petit-Auriat (Saint-Junien-la-Breg\u00e8re) le 7 octobre 1896 fils de Louis LEDUC, facteur Louise LINTIGNAT, cultivatrice \u25d9 Paul \u00e9pouse Marie-Antoinette DUFOUR le 15 janvier 1920 \u00e0 Saint-Junien-la-Breg\u00e8re (mari\u00e9s sans contrat). La m\u00eame ann\u00e9e, il est \u00e0 Verdun (55), ..<\/p>\n<div class=\"clear-fix\"><\/div>\n<p><a href=\"https:\/\/www.lesmaconsdelacreuse.fr\/annuaires\/lettre-l\/l_912\/\" title=\"Lire la suite...\">Lire la suite<\/a><\/p>\n","protected":false},"author":6,"featured_media":0,"comment_status":"closed","ping_status":"closed","sticky":false,"template":"","format":"standard","meta":{"_acf_changed":false,"_exactmetrics_skip_tracking":false,"_exactmetrics_sitenote_active":false,"_exactmetrics_sitenote_note":"","_exactmetrics_sitenote_category":0,"footnotes":""},"categories":[19],"tags":[],"class_list":["post-7302","post","type-post","status-publish","format-standard","hentry","category-lettre-l"],"acf":[],"_links":{"self":[{"href":"https:\/\/www.lesmaconsdelacreuse.fr\/annuaires\/wp-json\/wp\/v2\/posts\/7302","targetHints":{"allow":["GET"]}}],"collection":[{"href":"https:\/\/www.lesmaconsdelacreuse.fr\/annuaires\/wp-json\/wp\/v2\/posts"}],"about":[{"href":"https:\/\/www.lesmaconsdelacreuse.fr\/annuaires\/wp-json\/wp\/v2\/types\/post"}],"author":[{"embeddable":true,"href":"https:\/\/www.lesmaconsdelacreuse.fr\/annuaires\/wp-json\/wp\/v2\/users\/6"}],"replies":[{"embeddable":true,"href":"https:\/\/www.lesmaconsdelacreuse.fr\/annuaires\/wp-json\/wp\/v2\/comments?post=7302"}],"version-history":[{"count":0,"href":"https:\/\/www.lesmaconsdelacreuse.fr\/annuaires\/wp-json\/wp\/v2\/posts\/7302\/revisions"}],"wp:attachment":[{"href":"https:\/\/www.lesmaconsdelacreuse.fr\/annuaires\/wp-json\/wp\/v2\/media?parent=7302"}],"wp:term":[{"taxonomy":"category","embeddable":true,"href":"https:\/\/www.lesmaconsdelacreuse.fr\/annuaires\/wp-json\/wp\/v2\/categories?post=7302"},{"taxonomy":"post_tag","embeddable":true,"href":"https:\/\/www.lesmaconsdelacreuse.fr\/annuaires\/wp-json\/wp\/v2\/tags?post=7302"}],"curies":[{"name":"wp","href":"https:\/\/api.w.org\/{rel}","templated":true}]}}