{"id":7304,"date":"2019-07-28T13:34:20","date_gmt":"2019-07-28T11:34:20","guid":{"rendered":"http:\/\/lesmaconsdelacreuse.fr\/annuaire\/?p=7304"},"modified":"2021-12-19T13:56:50","modified_gmt":"2021-12-19T12:56:50","slug":"l_977","status":"publish","type":"post","link":"https:\/\/www.lesmaconsdelacreuse.fr\/annuaires\/lettre-l\/l_977\/","title":{"rendered":"LEGR\u00c9 Eug\u00e8ne (1870-1918)"},"content":{"rendered":"<p class=\"last-updated\"><strong>Mis \u00e0 jour le :<\/strong> 30\/04\/2026<\/p><h2 style=\"text-align: center;\"><strong>Eug\u00e8ne LEGR\u00c9<\/strong><\/h2>\n<p style=\"text-align: center;\"><strong>1870 \u2013 1918<\/strong><\/p>\n<p style=\"text-align: center;\"><img loading=\"lazy\" decoding=\"async\" class=\"\" title=\"\" src=\"https:\/\/lesmaconsdelacreuse.fr\/annuaire\/wp-content\/uploads\/2019\/07\/image1-114.png\" alt=\"\" width=\"156\" height=\"119\" data-source-id=\"i.0\" data-asset-id=\"7296\" \/><\/p>\n<h4 style=\"text-align: center;\"><span style=\"color: #008000;\"><strong>ma\u00e7on<\/strong><\/span><\/h4>\n<p style=\"text-align: center;\">n\u00e9 \u00e0 Lavaupeline (Saint-Pardoux-Lavaud)<\/p>\n<p style=\"text-align: center;\">le 22 d\u00e9cembre 1870<\/p>\n<p style=\"text-align: center;\">fils de<\/p>\n<p style=\"text-align: center;\">L\u00e9onard LEGR\u00c9,<span style=\"color: #008000;\"><strong> ma\u00e7on<\/strong><\/span><\/p>\n<p style=\"text-align: center;\">Marie DARFEUILLE, cultivatrice<\/p>\n<p style=\"text-align: center;\"><span style=\"color: #ffffff;\">\u25d9<\/span><\/p>\n<p><strong>En 1891<\/strong><em>, Eug\u00e8ne est ajourn\u00e9 de service militaire pour faiblesse, puis reconnu apte <\/em>en 1892.<\/p>\n<p><em>Il travaille \u00e0<\/em> <span style=\"color: #0000ff;\"><strong>Lyon (69)<\/strong><\/span> <em>et loge\u00a0:<\/em><\/p>\n<p><strong>en 1895<\/strong><em>, 8, chemin des Aqueducs des Massues\u00a0;<\/em><\/p>\n<p><strong>en 1896<\/strong><em>, 36, rue Moncey\u00a0;<\/em><\/p>\n<p><strong>en 1897<\/strong><em>, de nouveau chemin des Aqueducs.<\/em><\/p>\n<p><em>Il \u00e9pouse Marie <\/em><strong>MAZEAU <\/strong><em>le 5 mars <\/em><strong>1898<\/strong><em> \u00e0 Saint-Moreil (mari\u00e9s sans contrat).<\/em><\/p>\n<p>Ils d\u00e9c\u00e8dent:<\/p>\n<ul>\n<li><em>Eug\u00e8ne \u00e0 Montayaud, commune de Saint-Junien-la-Breg\u00e8re, le 31 octobre <\/em><strong>1918,<\/strong><em> \u00e2g\u00e9 de 47 ans<\/em><\/li>\n<li><em>Marie, \u00e0 Saint-Julien-le-Petit (87) le 14 juin <\/em><strong>1951<\/strong><em>, \u00e2g\u00e9e de 72 ans<\/em><\/li>\n<\/ul>\n<h2><\/h2>\n<p>&nbsp;<\/p>\n","protected":false},"excerpt":{"rendered":"<p>Mis \u00e0 jour le : 30\/04\/2026Eug\u00e8ne LEGR\u00c9 1870 \u2013 1918 ma\u00e7on n\u00e9 \u00e0 Lavaupeline (Saint-Pardoux-Lavaud) le 22 d\u00e9cembre 1870 fils de L\u00e9onard LEGR\u00c9, ma\u00e7on Marie DARFEUILLE, cultivatrice \u25d9 En 1891, Eug\u00e8ne est ajourn\u00e9 de service militaire pour faiblesse, puis reconnu apte en 1892. Il travaille \u00e0 Lyon (69) et loge\u00a0: en 1895, 8, chemin des ..<\/p>\n<div class=\"clear-fix\"><\/div>\n<p><a href=\"https:\/\/www.lesmaconsdelacreuse.fr\/annuaires\/lettre-l\/l_977\/\" title=\"Lire la suite...\">Lire la suite<\/a><\/p>\n","protected":false},"author":6,"featured_media":0,"comment_status":"closed","ping_status":"closed","sticky":false,"template":"","format":"standard","meta":{"_acf_changed":false,"_exactmetrics_skip_tracking":false,"_exactmetrics_sitenote_active":false,"_exactmetrics_sitenote_note":"","_exactmetrics_sitenote_category":0,"footnotes":""},"categories":[19],"tags":[],"class_list":["post-7304","post","type-post","status-publish","format-standard","hentry","category-lettre-l"],"acf":[],"_links":{"self":[{"href":"https:\/\/www.lesmaconsdelacreuse.fr\/annuaires\/wp-json\/wp\/v2\/posts\/7304","targetHints":{"allow":["GET"]}}],"collection":[{"href":"https:\/\/www.lesmaconsdelacreuse.fr\/annuaires\/wp-json\/wp\/v2\/posts"}],"about":[{"href":"https:\/\/www.lesmaconsdelacreuse.fr\/annuaires\/wp-json\/wp\/v2\/types\/post"}],"author":[{"embeddable":true,"href":"https:\/\/www.lesmaconsdelacreuse.fr\/annuaires\/wp-json\/wp\/v2\/users\/6"}],"replies":[{"embeddable":true,"href":"https:\/\/www.lesmaconsdelacreuse.fr\/annuaires\/wp-json\/wp\/v2\/comments?post=7304"}],"version-history":[{"count":2,"href":"https:\/\/www.lesmaconsdelacreuse.fr\/annuaires\/wp-json\/wp\/v2\/posts\/7304\/revisions"}],"predecessor-version":[{"id":193305,"href":"https:\/\/www.lesmaconsdelacreuse.fr\/annuaires\/wp-json\/wp\/v2\/posts\/7304\/revisions\/193305"}],"wp:attachment":[{"href":"https:\/\/www.lesmaconsdelacreuse.fr\/annuaires\/wp-json\/wp\/v2\/media?parent=7304"}],"wp:term":[{"taxonomy":"category","embeddable":true,"href":"https:\/\/www.lesmaconsdelacreuse.fr\/annuaires\/wp-json\/wp\/v2\/categories?post=7304"},{"taxonomy":"post_tag","embeddable":true,"href":"https:\/\/www.lesmaconsdelacreuse.fr\/annuaires\/wp-json\/wp\/v2\/tags?post=7304"}],"curies":[{"name":"wp","href":"https:\/\/api.w.org\/{rel}","templated":true}]}}