{"id":7308,"date":"2019-07-28T13:34:19","date_gmt":"2019-07-28T11:34:19","guid":{"rendered":"http:\/\/lesmaconsdelacreuse.fr\/annuaire\/?p=7308"},"modified":"2023-01-04T07:26:39","modified_gmt":"2023-01-04T06:26:39","slug":"l_873","status":"publish","type":"post","link":"https:\/\/www.lesmaconsdelacreuse.fr\/annuaires\/lettre-l\/l_873\/","title":{"rendered":"LECLERC L\u00e9onard (d\u00e9c\u00e9d\u00e9 apr\u00e8s 1671)"},"content":{"rendered":"<p class=\"last-updated\"><strong>Mis \u00e0 jour le :<\/strong> 30\/04\/2026<\/p><h2 style=\"text-align: center;\"><strong>L\u00e9onard LECLERC<\/strong><\/h2>\n<p style=\"text-align: center;\"><strong>dit Redondeau<\/strong><\/p>\n<p style=\"text-align: center;\"><strong>d\u00e9c\u00e9d\u00e9 apr\u00e8s 1671<\/strong><\/p>\n<h4 style=\"text-align: center;\"><span style=\"color: #008000;\">probablement <strong>ma\u00e7on<\/strong><\/span><\/h4>\n<p style=\"text-align: center;\"><span style=\"color: #ffffff;\">\u25d9<\/span><\/p>\n<p><strong>\u25ba<a href=\"https:\/\/www.lesmaconsdelacreuse.fr\/annuaires\/\/wp-content\/uploads\/DOCUMENTS\/1671_-_Leonard_LECLERC_dit_Redondeau_se_marie_a_Rochefort.pdf\" target=\"_blank\" rel=\"noopener noreferrer\"><span style=\"color: #ff00ff;\">En 1671<\/span><\/a>, <\/strong><em>L\u00e9onard, veuf, obtient un \u25ba<a href=\"https:\/\/www.lesmaconsdelacreuse.fr\/annuaires\/wp-content\/uploads\/2020\/08\/CONG\u00c9-ou-REMISE.png\" target=\"_blank\" rel=\"noopener noreferrer\">cong\u00e9<\/a> du cur\u00e9 de Saint-Martin-Ch\u00e2teau pour \u00e9pouser Dedi\u00e8re <\/em><strong>RECHAUSSAT<\/strong><em> \u00e0 <\/em><span style=\"color: #0000ff;\"><strong>Rochefort (69)<\/strong><\/span><em>, dioc\u00e8se de Lyon. <\/em><\/p>\n<p><em>(Rochefort ou Martin l\u2019Esp\u00e9rance s\u2019appelle maintenant Saint-Martin-d\u2019en-Haut)<\/em><\/p>\n<p>S17<\/p>\n<p>&nbsp;<\/p>\n","protected":false},"excerpt":{"rendered":"<p>Mis \u00e0 jour le : 30\/04\/2026L\u00e9onard LECLERC dit Redondeau d\u00e9c\u00e9d\u00e9 apr\u00e8s 1671 probablement ma\u00e7on \u25d9 \u25baEn 1671, L\u00e9onard, veuf, obtient un \u25bacong\u00e9 du cur\u00e9 de Saint-Martin-Ch\u00e2teau pour \u00e9pouser Dedi\u00e8re RECHAUSSAT \u00e0 Rochefort (69), dioc\u00e8se de Lyon. (Rochefort ou Martin l\u2019Esp\u00e9rance s\u2019appelle maintenant Saint-Martin-d\u2019en-Haut) ..<\/p>\n<div class=\"clear-fix\"><\/div>\n<p><a href=\"https:\/\/www.lesmaconsdelacreuse.fr\/annuaires\/lettre-l\/l_873\/\" title=\"Lire la suite...\">Lire la suite<\/a><\/p>\n","protected":false},"author":6,"featured_media":0,"comment_status":"closed","ping_status":"closed","sticky":false,"template":"","format":"standard","meta":{"_acf_changed":false,"_exactmetrics_skip_tracking":false,"_exactmetrics_sitenote_active":false,"_exactmetrics_sitenote_note":"","_exactmetrics_sitenote_category":0,"footnotes":""},"categories":[19],"tags":[],"class_list":["post-7308","post","type-post","status-publish","format-standard","hentry","category-lettre-l"],"acf":[],"_links":{"self":[{"href":"https:\/\/www.lesmaconsdelacreuse.fr\/annuaires\/wp-json\/wp\/v2\/posts\/7308","targetHints":{"allow":["GET"]}}],"collection":[{"href":"https:\/\/www.lesmaconsdelacreuse.fr\/annuaires\/wp-json\/wp\/v2\/posts"}],"about":[{"href":"https:\/\/www.lesmaconsdelacreuse.fr\/annuaires\/wp-json\/wp\/v2\/types\/post"}],"author":[{"embeddable":true,"href":"https:\/\/www.lesmaconsdelacreuse.fr\/annuaires\/wp-json\/wp\/v2\/users\/6"}],"replies":[{"embeddable":true,"href":"https:\/\/www.lesmaconsdelacreuse.fr\/annuaires\/wp-json\/wp\/v2\/comments?post=7308"}],"version-history":[{"count":1,"href":"https:\/\/www.lesmaconsdelacreuse.fr\/annuaires\/wp-json\/wp\/v2\/posts\/7308\/revisions"}],"predecessor-version":[{"id":203583,"href":"https:\/\/www.lesmaconsdelacreuse.fr\/annuaires\/wp-json\/wp\/v2\/posts\/7308\/revisions\/203583"}],"wp:attachment":[{"href":"https:\/\/www.lesmaconsdelacreuse.fr\/annuaires\/wp-json\/wp\/v2\/media?parent=7308"}],"wp:term":[{"taxonomy":"category","embeddable":true,"href":"https:\/\/www.lesmaconsdelacreuse.fr\/annuaires\/wp-json\/wp\/v2\/categories?post=7308"},{"taxonomy":"post_tag","embeddable":true,"href":"https:\/\/www.lesmaconsdelacreuse.fr\/annuaires\/wp-json\/wp\/v2\/tags?post=7308"}],"curies":[{"name":"wp","href":"https:\/\/api.w.org\/{rel}","templated":true}]}}