{"id":7321,"date":"2019-07-28T13:34:19","date_gmt":"2019-07-28T11:34:19","guid":{"rendered":"http:\/\/lesmaconsdelacreuse.fr\/annuaire\/?p=7321"},"modified":"2020-09-23T15:16:30","modified_gmt":"2020-09-23T13:16:30","slug":"l_885","status":"publish","type":"post","link":"https:\/\/www.lesmaconsdelacreuse.fr\/annuaires\/lettre-l\/l_885\/","title":{"rendered":"LECLERC Michel (1755-1805)"},"content":{"rendered":"<p class=\"last-updated\"><strong>Mis \u00e0 jour le :<\/strong> 30\/04\/2026<\/p><h2 style=\"text-align: center;\"><strong>Michel LECLERC<\/strong><\/h2>\n<p style=\"text-align: center;\"><strong>1755 \u2013 1805<\/strong><\/p>\n<p style=\"text-align: center;\"><img decoding=\"async\" title=\"\" src=\"https:\/\/lesmaconsdelacreuse.fr\/annuaire\/wp-content\/uploads\/2019\/07\/image1-1918.jpg\" alt=\"\" data-source-id=\"i.0\" data-asset-id=\"7320\" \/><\/p>\n<h4 style=\"text-align: center;\"><span style=\"color: #008000;\"><strong>ma\u00e7on <\/strong>et<strong> cultivateur<\/strong><\/span><\/h4>\n<p>&nbsp;<\/p>\n<p style=\"text-align: center;\">n\u00e9 \u00e0 Lascaux (Roy\u00e8re)<\/p>\n<p style=\"text-align: center;\">le 9 octobre 1755<\/p>\n<p style=\"text-align: center;\">fils de<\/p>\n<p style=\"text-align: center;\">Martial LECLERC, <span style=\"color: #008000;\"><strong>ma\u00e7on<\/strong><\/span><\/p>\n<p style=\"text-align: center;\">L\u00e9onarde PICOULET, cultivatrice<\/p>\n<p style=\"text-align: center;\"><span style=\"color: #ffffff;\">\u25d9<\/span><\/p>\n<p><strong>\u25ba<span style=\"color: #ff00ff;\"><a style=\"color: #ff00ff;\" href=\"https:\/\/www.lesmaconsdelacreuse.fr\/annuaires\/\/wp-content\/uploads\/DOCUMENTS\/1779_-_Etienne_et_Michel_LECLERC_en_Forez.pdf\" target=\"_blank\" rel=\"noopener noreferrer\">En 1779<\/a><\/span><\/strong><em>, Michel travaille au <\/em><span style=\"color: #0000ff;\"><strong>ch\u00e2teau de Vougy (42), en <em><a href=\"https:\/\/www.lesmaconsdelacreuse.fr\/annuaires\/wp-content\/uploads\/2019\/08\/FOREZ.png\" target=\"_blank\" rel=\"noopener noreferrer\">\u25ba Forez.<\/a><\/em><\/strong><\/span><em> Il est charg\u00e9 par sa belle-s\u0153ur, veuve d\u2019\u00c9tienne LECLERC, de r\u00e9gler la succession de son fr\u00e8re qui travaillait \u00e9galement en Forez.<\/em><\/p>\n<p><em>Il \u00e9pouse Jeanne <\/em><strong>MINOU<\/strong><em> le 19 f\u00e9vrier <\/em><strong>1781<\/strong><em> \u00e0 Gentioux (contrat Coutisson \u00e0 Roy\u00e8re). Ils habitent Lascaux.<\/em><\/p>\n<p><em>Ils y d\u00e9c\u00e8dent\u00a0:<\/em><\/p>\n<ul>\n<li><em> Michel, le 15 thermidor an XIII (3 ao\u00fbt <\/em><strong>1805<\/strong><em>), \u00e2g\u00e9 de 49 ans<\/em><\/li>\n<li><em> Jeanne, le 15 septembre <\/em><strong>1812<\/strong><em>, \u00e2g\u00e9e de 51 ans<\/em><\/li>\n<\/ul>\n<p>&nbsp;<\/p>\n","protected":false},"excerpt":{"rendered":"<p>Mis \u00e0 jour le : 30\/04\/2026Michel LECLERC 1755 \u2013 1805 ma\u00e7on et cultivateur &nbsp; n\u00e9 \u00e0 Lascaux (Roy\u00e8re) le 9 octobre 1755 fils de Martial LECLERC, ma\u00e7on L\u00e9onarde PICOULET, cultivatrice \u25d9 \u25baEn 1779, Michel travaille au ch\u00e2teau de Vougy (42), en \u25ba Forez. Il est charg\u00e9 par sa belle-s\u0153ur, veuve d\u2019\u00c9tienne LECLERC, de r\u00e9gler la ..<\/p>\n<div class=\"clear-fix\"><\/div>\n<p><a href=\"https:\/\/www.lesmaconsdelacreuse.fr\/annuaires\/lettre-l\/l_885\/\" title=\"Lire la suite...\">Lire la suite<\/a><\/p>\n","protected":false},"author":6,"featured_media":0,"comment_status":"closed","ping_status":"closed","sticky":false,"template":"","format":"standard","meta":{"_acf_changed":false,"_exactmetrics_skip_tracking":false,"_exactmetrics_sitenote_active":false,"_exactmetrics_sitenote_note":"","_exactmetrics_sitenote_category":0,"footnotes":""},"categories":[19],"tags":[],"class_list":["post-7321","post","type-post","status-publish","format-standard","hentry","category-lettre-l"],"acf":[],"_links":{"self":[{"href":"https:\/\/www.lesmaconsdelacreuse.fr\/annuaires\/wp-json\/wp\/v2\/posts\/7321","targetHints":{"allow":["GET"]}}],"collection":[{"href":"https:\/\/www.lesmaconsdelacreuse.fr\/annuaires\/wp-json\/wp\/v2\/posts"}],"about":[{"href":"https:\/\/www.lesmaconsdelacreuse.fr\/annuaires\/wp-json\/wp\/v2\/types\/post"}],"author":[{"embeddable":true,"href":"https:\/\/www.lesmaconsdelacreuse.fr\/annuaires\/wp-json\/wp\/v2\/users\/6"}],"replies":[{"embeddable":true,"href":"https:\/\/www.lesmaconsdelacreuse.fr\/annuaires\/wp-json\/wp\/v2\/comments?post=7321"}],"version-history":[{"count":0,"href":"https:\/\/www.lesmaconsdelacreuse.fr\/annuaires\/wp-json\/wp\/v2\/posts\/7321\/revisions"}],"wp:attachment":[{"href":"https:\/\/www.lesmaconsdelacreuse.fr\/annuaires\/wp-json\/wp\/v2\/media?parent=7321"}],"wp:term":[{"taxonomy":"category","embeddable":true,"href":"https:\/\/www.lesmaconsdelacreuse.fr\/annuaires\/wp-json\/wp\/v2\/categories?post=7321"},{"taxonomy":"post_tag","embeddable":true,"href":"https:\/\/www.lesmaconsdelacreuse.fr\/annuaires\/wp-json\/wp\/v2\/tags?post=7321"}],"curies":[{"name":"wp","href":"https:\/\/api.w.org\/{rel}","templated":true}]}}