{"id":7324,"date":"2019-07-28T13:34:18","date_gmt":"2019-07-28T11:34:18","guid":{"rendered":"http:\/\/lesmaconsdelacreuse.fr\/annuaire\/?p=7324"},"modified":"2020-01-20T11:28:49","modified_gmt":"2020-01-20T10:28:49","slug":"l_916","status":"publish","type":"post","link":"https:\/\/www.lesmaconsdelacreuse.fr\/annuaires\/lettre-l\/l_916\/","title":{"rendered":"LEDUC Pierre (1707-1759)"},"content":{"rendered":"<p class=\"last-updated\"><strong>Mis \u00e0 jour le :<\/strong> 30\/04\/2026<\/p><h2 style=\"text-align: center;\"><strong>Pierre LEDUC<\/strong><\/h2>\n<p style=\"text-align: center;\"><strong>dit Le Redon<\/strong><\/p>\n<p style=\"text-align: center;\"><strong>1707 \u2013 1759<\/strong><\/p>\n<p style=\"text-align: center;\"><img decoding=\"async\" title=\"\" src=\"https:\/\/lesmaconsdelacreuse.fr\/annuaire\/wp-content\/uploads\/2019\/07\/image1-1919.jpg\" alt=\"\" data-source-id=\"i.0\" data-asset-id=\"7322\" \/><\/p>\n<h4 style=\"text-align: center;\"><span style=\"color: #008000;\"><strong>ma\u00e7on <\/strong>et<strong> laboureur<\/strong><\/span><\/h4>\n<p style=\"text-align: center;\">n\u00e9 au Picq (Morterolles)<\/p>\n<p style=\"text-align: center;\">baptis\u00e9 le 21 septembre 1707<\/p>\n<p style=\"text-align: center;\">fils de<\/p>\n<p style=\"text-align: center;\">Jean LEDUC, <span style=\"color: #008000;\"><strong>ma\u00eetre<\/strong> <strong>ma\u00e7on<\/strong><\/span><\/p>\n<p style=\"text-align: center;\">Marie PAULET, cultivatrice<\/p>\n<p style=\"text-align: center;\"><span style=\"color: #ffffff;\">\u25d9<\/span><\/p>\n<p><em>Pierre \u00e9pouse Huberte <\/em><strong>PEYRAMAUROUX<\/strong><em> le 15 f\u00e9vrier <\/em><strong>1735<\/strong><em> \u00e0 Morterolles.<\/em><\/p>\n<p><em> Ils habitent Le Picq.<\/em><\/p>\n<p><em> Ils y d\u00e9c\u00e8dent\u00a0:<\/em><\/p>\n<ul>\n<li><em>Pierre, le 15 mars <\/em><strong>1759<\/strong><em>, \u00e2g\u00e9 de 51 ans<\/em><\/li>\n<li><em>Huberte, le 14 novembre <\/em><strong>1785<\/strong><em>, \u00e2g\u00e9e de 70 ans<\/em><\/li>\n<\/ul>\n","protected":false},"excerpt":{"rendered":"<p>Mis \u00e0 jour le : 30\/04\/2026Pierre LEDUC dit Le Redon 1707 \u2013 1759 ma\u00e7on et laboureur n\u00e9 au Picq (Morterolles) baptis\u00e9 le 21 septembre 1707 fils de Jean LEDUC, ma\u00eetre ma\u00e7on Marie PAULET, cultivatrice \u25d9 Pierre \u00e9pouse Huberte PEYRAMAUROUX le 15 f\u00e9vrier 1735 \u00e0 Morterolles. Ils habitent Le Picq. Ils y d\u00e9c\u00e8dent\u00a0: Pierre, le 15 ..<\/p>\n<div class=\"clear-fix\"><\/div>\n<p><a href=\"https:\/\/www.lesmaconsdelacreuse.fr\/annuaires\/lettre-l\/l_916\/\" title=\"Lire la suite...\">Lire la suite<\/a><\/p>\n","protected":false},"author":6,"featured_media":0,"comment_status":"closed","ping_status":"closed","sticky":false,"template":"","format":"standard","meta":{"_acf_changed":false,"_exactmetrics_skip_tracking":false,"_exactmetrics_sitenote_active":false,"_exactmetrics_sitenote_note":"","_exactmetrics_sitenote_category":0,"footnotes":""},"categories":[19],"tags":[],"class_list":["post-7324","post","type-post","status-publish","format-standard","hentry","category-lettre-l"],"acf":[],"_links":{"self":[{"href":"https:\/\/www.lesmaconsdelacreuse.fr\/annuaires\/wp-json\/wp\/v2\/posts\/7324","targetHints":{"allow":["GET"]}}],"collection":[{"href":"https:\/\/www.lesmaconsdelacreuse.fr\/annuaires\/wp-json\/wp\/v2\/posts"}],"about":[{"href":"https:\/\/www.lesmaconsdelacreuse.fr\/annuaires\/wp-json\/wp\/v2\/types\/post"}],"author":[{"embeddable":true,"href":"https:\/\/www.lesmaconsdelacreuse.fr\/annuaires\/wp-json\/wp\/v2\/users\/6"}],"replies":[{"embeddable":true,"href":"https:\/\/www.lesmaconsdelacreuse.fr\/annuaires\/wp-json\/wp\/v2\/comments?post=7324"}],"version-history":[{"count":0,"href":"https:\/\/www.lesmaconsdelacreuse.fr\/annuaires\/wp-json\/wp\/v2\/posts\/7324\/revisions"}],"wp:attachment":[{"href":"https:\/\/www.lesmaconsdelacreuse.fr\/annuaires\/wp-json\/wp\/v2\/media?parent=7324"}],"wp:term":[{"taxonomy":"category","embeddable":true,"href":"https:\/\/www.lesmaconsdelacreuse.fr\/annuaires\/wp-json\/wp\/v2\/categories?post=7324"},{"taxonomy":"post_tag","embeddable":true,"href":"https:\/\/www.lesmaconsdelacreuse.fr\/annuaires\/wp-json\/wp\/v2\/tags?post=7324"}],"curies":[{"name":"wp","href":"https:\/\/api.w.org\/{rel}","templated":true}]}}