{"id":7326,"date":"2019-07-28T13:34:19","date_gmt":"2019-07-28T11:34:19","guid":{"rendered":"http:\/\/lesmaconsdelacreuse.fr\/annuaire\/?p=7326"},"modified":"2020-01-20T11:28:47","modified_gmt":"2020-01-20T10:28:47","slug":"l_953","status":"publish","type":"post","link":"https:\/\/www.lesmaconsdelacreuse.fr\/annuaires\/lettre-l\/l_953\/","title":{"rendered":"LEGRAND Guillaume (1890-1915)"},"content":{"rendered":"<p class=\"last-updated\"><strong>Mis \u00e0 jour le :<\/strong> 30\/04\/2026<\/p><h2 style=\"text-align: center;\"><strong>Guillaume LEGRAND<\/strong><\/h2>\n<p style=\"text-align: center;\"><strong>1890 &#8211; 1915<\/strong><\/p>\n<h4 style=\"text-align: center;\"><span style=\"color: #008000;\"><strong>ma\u00e7on<\/strong><\/span><\/h4>\n<p style=\"text-align: center;\">n\u00e9 \u00e0 Faux-la-Montagne<\/p>\n<p style=\"text-align: center;\">le 12 janvier 1890, <em>selon le registre du recrutement cantonal<\/em><\/p>\n<p style=\"text-align: center;\">fils de<\/p>\n<p style=\"text-align: center;\">Adrien LEGRAND \/ Marie BONNAVAUD<\/p>\n<p style=\"text-align: center;\">meuniers et cultivateurs<\/p>\n<p style=\"text-align: center;\"><span style=\"color: #ffffff;\">\u25d9<\/span><\/p>\n<p><strong>En 1910<\/strong><em>, Guillaume habite Roy\u00e8re avec ses parents. <\/em><\/p>\n<p><strong>En 1914<\/strong><em>, il travaille \u00e0 <\/em><span style=\"color: #0000ff;\"><strong>Lyon (69)<\/strong><\/span><em>, et loge 43, rue Voltaire.<\/em><\/p>\n<p><em>Soldat au 2e R\u00e9giment de Zouaves, il d\u00e9c\u00e8de <\/em><strong>c\u00e9libataire<\/strong><em> le 22 avril <\/em><strong>1915<\/strong>,<em> d\u00e9clar\u00e9 disparu \u00e0 Langemark en Belgique, \u00e2g\u00e9 de 25 ans.<\/em><\/p>\n","protected":false},"excerpt":{"rendered":"<p>Mis \u00e0 jour le : 30\/04\/2026Guillaume LEGRAND 1890 &#8211; 1915 ma\u00e7on n\u00e9 \u00e0 Faux-la-Montagne le 12 janvier 1890, selon le registre du recrutement cantonal fils de Adrien LEGRAND \/ Marie BONNAVAUD meuniers et cultivateurs \u25d9 En 1910, Guillaume habite Roy\u00e8re avec ses parents. En 1914, il travaille \u00e0 Lyon (69), et loge 43, rue Voltaire. ..<\/p>\n<div class=\"clear-fix\"><\/div>\n<p><a href=\"https:\/\/www.lesmaconsdelacreuse.fr\/annuaires\/lettre-l\/l_953\/\" title=\"Lire la suite...\">Lire la suite<\/a><\/p>\n","protected":false},"author":6,"featured_media":0,"comment_status":"closed","ping_status":"closed","sticky":false,"template":"","format":"standard","meta":{"_acf_changed":false,"_exactmetrics_skip_tracking":false,"_exactmetrics_sitenote_active":false,"_exactmetrics_sitenote_note":"","_exactmetrics_sitenote_category":0,"footnotes":""},"categories":[19],"tags":[],"class_list":["post-7326","post","type-post","status-publish","format-standard","hentry","category-lettre-l"],"acf":[],"_links":{"self":[{"href":"https:\/\/www.lesmaconsdelacreuse.fr\/annuaires\/wp-json\/wp\/v2\/posts\/7326","targetHints":{"allow":["GET"]}}],"collection":[{"href":"https:\/\/www.lesmaconsdelacreuse.fr\/annuaires\/wp-json\/wp\/v2\/posts"}],"about":[{"href":"https:\/\/www.lesmaconsdelacreuse.fr\/annuaires\/wp-json\/wp\/v2\/types\/post"}],"author":[{"embeddable":true,"href":"https:\/\/www.lesmaconsdelacreuse.fr\/annuaires\/wp-json\/wp\/v2\/users\/6"}],"replies":[{"embeddable":true,"href":"https:\/\/www.lesmaconsdelacreuse.fr\/annuaires\/wp-json\/wp\/v2\/comments?post=7326"}],"version-history":[{"count":0,"href":"https:\/\/www.lesmaconsdelacreuse.fr\/annuaires\/wp-json\/wp\/v2\/posts\/7326\/revisions"}],"wp:attachment":[{"href":"https:\/\/www.lesmaconsdelacreuse.fr\/annuaires\/wp-json\/wp\/v2\/media?parent=7326"}],"wp:term":[{"taxonomy":"category","embeddable":true,"href":"https:\/\/www.lesmaconsdelacreuse.fr\/annuaires\/wp-json\/wp\/v2\/categories?post=7326"},{"taxonomy":"post_tag","embeddable":true,"href":"https:\/\/www.lesmaconsdelacreuse.fr\/annuaires\/wp-json\/wp\/v2\/tags?post=7326"}],"curies":[{"name":"wp","href":"https:\/\/api.w.org\/{rel}","templated":true}]}}