{"id":7331,"date":"2019-07-28T13:34:18","date_gmt":"2019-07-28T11:34:18","guid":{"rendered":"http:\/\/lesmaconsdelacreuse.fr\/annuaire\/?p=7331"},"modified":"2020-01-20T11:28:49","modified_gmt":"2020-01-20T10:28:49","slug":"l_954","status":"publish","type":"post","link":"https:\/\/www.lesmaconsdelacreuse.fr\/annuaires\/lettre-l\/l_954\/","title":{"rendered":"LEGRAND Henri (1886-1944)"},"content":{"rendered":"<p class=\"last-updated\"><strong>Mis \u00e0 jour le :<\/strong> 30\/04\/2026<\/p><h2 style=\"text-align: center;\"><strong>Henri LEGRAND<\/strong><\/h2>\n<p style=\"text-align: center;\"><strong>1886 &#8211; 1944<\/strong><\/p>\n<h4 style=\"text-align: center;\"><span style=\"color: #008000;\"><strong>ma\u00e7on<\/strong><\/span><\/h4>\n<p style=\"text-align: center;\">n\u00e9 \u00e0 Vauveix (Roy\u00e8re)<\/p>\n<p style=\"text-align: center;\">le 17 mai 1886<\/p>\n<p style=\"text-align: center;\">fils de<\/p>\n<p style=\"text-align: center;\">L\u00e9onard LEGRAND, tailleur d\u2019habits<\/p>\n<p style=\"text-align: center;\">Jeanne PATAUD, cultivatrice<\/p>\n<p style=\"text-align: center;\"><span style=\"color: #ffffff;\">\u25d9<\/span><\/p>\n<p><strong>En 1907<\/strong><em>, Henri travaille dans le <\/em><span style=\"color: #0000ff;\"><strong>Rh\u00f4ne <\/strong><\/span><em>et y passe le conseil de r\u00e9vision.<\/em><\/p>\n<p><strong>En 1909<\/strong><em>, il habite <\/em><strong><span style=\"color: #0000ff;\">Lyon (69<\/span>)<\/strong><em> 61, rue Voltaire\u00a0;<\/em><\/p>\n<p><strong>en 1911<\/strong><em>, 95, rue de la Villette\u00a0;<\/em><\/p>\n<p><strong>en 1913<\/strong><em>, 20, rue Notre-Dame.<\/em><\/p>\n<p><em>Revenu de la guerre, il continue \u00e0 habiter Lyon\u00a0:<\/em><\/p>\n<p><strong>en 1919<\/strong><em>, 101, rue Ney\u00a0;<\/em><\/p>\n<p><strong>en 1920<\/strong><em>, 3, rue Baraban\u00a0;<\/em><\/p>\n<p><strong>en 1925<\/strong><em>, 113, rue des Charmettes. <\/em><\/p>\n<p><strong>En 1933<\/strong><em>, il habite <\/em><span style=\"color: #0000ff;\"><strong>Villeurbanne (69)<\/strong><\/span><em>, 40, avenue Piaton.<\/em><\/p>\n<p><em> Il y d\u00e9c\u00e8de le 30 mars <\/em><strong>1944<\/strong><em>, \u00e2g\u00e9 de 57 ans. <\/em><\/p>\n","protected":false},"excerpt":{"rendered":"<p>Mis \u00e0 jour le : 30\/04\/2026Henri LEGRAND 1886 &#8211; 1944 ma\u00e7on n\u00e9 \u00e0 Vauveix (Roy\u00e8re) le 17 mai 1886 fils de L\u00e9onard LEGRAND, tailleur d\u2019habits Jeanne PATAUD, cultivatrice \u25d9 En 1907, Henri travaille dans le Rh\u00f4ne et y passe le conseil de r\u00e9vision. En 1909, il habite Lyon (69) 61, rue Voltaire\u00a0; en 1911, 95, ..<\/p>\n<div class=\"clear-fix\"><\/div>\n<p><a href=\"https:\/\/www.lesmaconsdelacreuse.fr\/annuaires\/lettre-l\/l_954\/\" title=\"Lire la suite...\">Lire la suite<\/a><\/p>\n","protected":false},"author":6,"featured_media":0,"comment_status":"closed","ping_status":"closed","sticky":false,"template":"","format":"standard","meta":{"_acf_changed":false,"_exactmetrics_skip_tracking":false,"_exactmetrics_sitenote_active":false,"_exactmetrics_sitenote_note":"","_exactmetrics_sitenote_category":0,"footnotes":""},"categories":[19],"tags":[],"class_list":["post-7331","post","type-post","status-publish","format-standard","hentry","category-lettre-l"],"acf":[],"_links":{"self":[{"href":"https:\/\/www.lesmaconsdelacreuse.fr\/annuaires\/wp-json\/wp\/v2\/posts\/7331","targetHints":{"allow":["GET"]}}],"collection":[{"href":"https:\/\/www.lesmaconsdelacreuse.fr\/annuaires\/wp-json\/wp\/v2\/posts"}],"about":[{"href":"https:\/\/www.lesmaconsdelacreuse.fr\/annuaires\/wp-json\/wp\/v2\/types\/post"}],"author":[{"embeddable":true,"href":"https:\/\/www.lesmaconsdelacreuse.fr\/annuaires\/wp-json\/wp\/v2\/users\/6"}],"replies":[{"embeddable":true,"href":"https:\/\/www.lesmaconsdelacreuse.fr\/annuaires\/wp-json\/wp\/v2\/comments?post=7331"}],"version-history":[{"count":0,"href":"https:\/\/www.lesmaconsdelacreuse.fr\/annuaires\/wp-json\/wp\/v2\/posts\/7331\/revisions"}],"wp:attachment":[{"href":"https:\/\/www.lesmaconsdelacreuse.fr\/annuaires\/wp-json\/wp\/v2\/media?parent=7331"}],"wp:term":[{"taxonomy":"category","embeddable":true,"href":"https:\/\/www.lesmaconsdelacreuse.fr\/annuaires\/wp-json\/wp\/v2\/categories?post=7331"},{"taxonomy":"post_tag","embeddable":true,"href":"https:\/\/www.lesmaconsdelacreuse.fr\/annuaires\/wp-json\/wp\/v2\/tags?post=7331"}],"curies":[{"name":"wp","href":"https:\/\/api.w.org\/{rel}","templated":true}]}}