{"id":7332,"date":"2019-07-28T13:34:18","date_gmt":"2019-07-28T11:34:18","guid":{"rendered":"http:\/\/lesmaconsdelacreuse.fr\/annuaire\/?p=7332"},"modified":"2020-10-03T08:49:15","modified_gmt":"2020-10-03T06:49:15","slug":"l_909","status":"publish","type":"post","link":"https:\/\/www.lesmaconsdelacreuse.fr\/annuaires\/lettre-l\/l_909\/","title":{"rendered":"LEDUC Joseph (1820-1904)"},"content":{"rendered":"<p class=\"last-updated\"><strong>Mis \u00e0 jour le :<\/strong> 30\/04\/2026<\/p><h2 style=\"text-align: center;\"><strong>Joseph LEDUC<\/strong><\/h2>\n<p style=\"text-align: center;\"><strong>1820 \u2013 1904<\/strong><\/p>\n<p style=\"text-align: center;\"><img loading=\"lazy\" decoding=\"async\" class=\"\" title=\"\" src=\"https:\/\/lesmaconsdelacreuse.fr\/annuaire\/wp-content\/uploads\/2019\/07\/image1-1922.jpg\" alt=\"\" width=\"270\" height=\"123\" data-source-id=\"i.0\" data-asset-id=\"7329\" \/><\/p>\n<h4 style=\"text-align: center;\"><span style=\"color: #008000;\"><strong>ma\u00e7on <\/strong>et<strong> cultivateur<\/strong><\/span><\/h4>\n<p>&nbsp;<\/p>\n<p style=\"text-align: center;\">n\u00e9 au Picq (Morterolles)<\/p>\n<p style=\"text-align: center;\">en octobre 1820, <em>selon \u25ba<a href=\"https:\/\/www.lesmaconsdelacreuse.fr\/annuaires\/wp-content\/uploads\/2019\/08\/ACTE-DE-NOTORI\u00c9T\u00c9.png\" target=\"_blank\" rel=\"noopener noreferrer\">acte de notori\u00e9t\u00e9<\/a><br \/>\n<\/em><\/p>\n<p style=\"text-align: center;\">fils de<\/p>\n<p style=\"text-align: center;\">Antoine LEDUC, <span style=\"color: #008000;\"><strong>ma\u00e7on<\/strong><\/span><\/p>\n<p style=\"text-align: center;\">Marie LIARD, cultivatrice<\/p>\n<p style=\"text-align: center;\"><span style=\"color: #ffffff;\">\u25d9<\/span><\/p>\n<p><em>Joseph \u00e9pouse Marie <\/em><strong>COUDERT<\/strong><em> le 7 mars <\/em><strong>1854<\/strong><em>, \u00e0 Saint-Pierre-le-Bost (contrat Descubes au Monteil-au-Vicomte). <\/em><\/p>\n<p><strong>En 1870<\/strong><em>, il travaille \u00e0 <\/em><span style=\"color: #0000ff;\"><strong>Bron (69)<\/strong><\/span><em>. <\/em><\/p>\n<p><strong>En 1872<\/strong>, <em>les \u00e9poux habitent <\/em><span style=\"color: #0000ff;\"><strong>Lyon (69)<\/strong><\/span><em>, 84, rue de Trion, 5e arrondissement\u00a0;<\/em><\/p>\n<p><strong>de 1873 \u00e0 1880<\/strong> <em>au moins, au 86 de la m\u00eame rue. <\/em><\/p>\n<p><em>Joseph d\u00e9c\u00e8de veuf au Picq le 2 juillet <\/em><strong>1904<\/strong><em>, \u00e2g\u00e9 de 83 ans. <\/em><\/p>\n<p>&nbsp;<\/p>\n","protected":false},"excerpt":{"rendered":"<p>Mis \u00e0 jour le : 30\/04\/2026Joseph LEDUC 1820 \u2013 1904 ma\u00e7on et cultivateur &nbsp; n\u00e9 au Picq (Morterolles) en octobre 1820, selon \u25baacte de notori\u00e9t\u00e9 fils de Antoine LEDUC, ma\u00e7on Marie LIARD, cultivatrice \u25d9 Joseph \u00e9pouse Marie COUDERT le 7 mars 1854, \u00e0 Saint-Pierre-le-Bost (contrat Descubes au Monteil-au-Vicomte). En 1870, il travaille \u00e0 Bron (69). ..<\/p>\n<div class=\"clear-fix\"><\/div>\n<p><a href=\"https:\/\/www.lesmaconsdelacreuse.fr\/annuaires\/lettre-l\/l_909\/\" title=\"Lire la suite...\">Lire la suite<\/a><\/p>\n","protected":false},"author":6,"featured_media":0,"comment_status":"closed","ping_status":"closed","sticky":false,"template":"","format":"standard","meta":{"_acf_changed":false,"_exactmetrics_skip_tracking":false,"_exactmetrics_sitenote_active":false,"_exactmetrics_sitenote_note":"","_exactmetrics_sitenote_category":0,"footnotes":""},"categories":[19],"tags":[],"class_list":["post-7332","post","type-post","status-publish","format-standard","hentry","category-lettre-l"],"acf":[],"_links":{"self":[{"href":"https:\/\/www.lesmaconsdelacreuse.fr\/annuaires\/wp-json\/wp\/v2\/posts\/7332","targetHints":{"allow":["GET"]}}],"collection":[{"href":"https:\/\/www.lesmaconsdelacreuse.fr\/annuaires\/wp-json\/wp\/v2\/posts"}],"about":[{"href":"https:\/\/www.lesmaconsdelacreuse.fr\/annuaires\/wp-json\/wp\/v2\/types\/post"}],"author":[{"embeddable":true,"href":"https:\/\/www.lesmaconsdelacreuse.fr\/annuaires\/wp-json\/wp\/v2\/users\/6"}],"replies":[{"embeddable":true,"href":"https:\/\/www.lesmaconsdelacreuse.fr\/annuaires\/wp-json\/wp\/v2\/comments?post=7332"}],"version-history":[{"count":0,"href":"https:\/\/www.lesmaconsdelacreuse.fr\/annuaires\/wp-json\/wp\/v2\/posts\/7332\/revisions"}],"wp:attachment":[{"href":"https:\/\/www.lesmaconsdelacreuse.fr\/annuaires\/wp-json\/wp\/v2\/media?parent=7332"}],"wp:term":[{"taxonomy":"category","embeddable":true,"href":"https:\/\/www.lesmaconsdelacreuse.fr\/annuaires\/wp-json\/wp\/v2\/categories?post=7332"},{"taxonomy":"post_tag","embeddable":true,"href":"https:\/\/www.lesmaconsdelacreuse.fr\/annuaires\/wp-json\/wp\/v2\/tags?post=7332"}],"curies":[{"name":"wp","href":"https:\/\/api.w.org\/{rel}","templated":true}]}}