{"id":7337,"date":"2019-07-28T13:34:18","date_gmt":"2019-07-28T11:34:18","guid":{"rendered":"http:\/\/lesmaconsdelacreuse.fr\/annuaire\/?p=7337"},"modified":"2023-01-02T10:53:33","modified_gmt":"2023-01-02T09:53:33","slug":"l_956","status":"publish","type":"post","link":"https:\/\/www.lesmaconsdelacreuse.fr\/annuaires\/lettre-l\/l_956\/","title":{"rendered":"LEGRAND Jean (vers 1659-entre 1678 et 1681)"},"content":{"rendered":"<p class=\"last-updated\"><strong>Mis \u00e0 jour le :<\/strong> 30\/04\/2026<\/p><h2 style=\"text-align: center;\"><strong>Jean LEGRAND<\/strong><\/h2>\n<p style=\"text-align: center;\"><strong>vers 1659 \u2013 entre 1678 et 1681<\/strong><\/p>\n<p style=\"text-align: center;\"><img decoding=\"async\" title=\"\" src=\"https:\/\/lesmaconsdelacreuse.fr\/annuaire\/wp-content\/uploads\/2019\/07\/image1-1924.jpg\" alt=\"\" data-source-id=\"i.0\" data-asset-id=\"7335\" \/><\/p>\n<h4 style=\"text-align: center;\"><span style=\"color: #008000;\"><strong>ma\u00e7on<\/strong><\/span><\/h4>\n<p>&nbsp;<\/p>\n<p style=\"text-align: center;\">n\u00e9 au Feix (Roy\u00e8re)\u00a0?<\/p>\n<p style=\"text-align: center;\">vers 1659<\/p>\n<p style=\"text-align: center;\">fils de<\/p>\n<p style=\"text-align: center;\">Antoine LEGRAND \/ Jeanne CAZAUD<\/p>\n<p style=\"text-align: center;\">laboureurs<\/p>\n<p style=\"text-align: center;\"><span style=\"color: #ffffff;\">\u25d9<\/span><\/p>\n<p><em>Jean \u00e9pouse Marguerite <\/em><strong>BARBE<\/strong><em> le 10 f\u00e9vrier <\/em><strong>1673<\/strong><em> \u00e0 Saint-Marc-\u00e0 Loubaud (date du \u25ba<a href=\"https:\/\/www.lesmaconsdelacreuse.fr\/annuaires\/wp-content\/uploads\/2020\/08\/CONG\u00c9-ou-REMISE.png\" target=\"_blank\" rel=\"noopener noreferrer\">cong\u00e9<\/a>).<\/em><\/p>\n<p><em> Marguerite d\u00e9c\u00e8de au Feix le 28 juillet de la m\u00eame ann\u00e9e, \u00e2g\u00e9e de 20 ans environ.<\/em><\/p>\n<p><em> Jean se remarie le 2 f\u00e9vrier <\/em><strong>1674<\/strong> <em>\u00e0 Gentioux avec Fran\u00e7oise <\/em><strong>BARBILLE<\/strong><em> Ils habitent \u00e9galement Le Feix.<\/em><\/p>\n<p><em>Veuve, Fran\u00e7oise se remarie <\/em><strong>en 1685<\/strong><em>, avec Pierre GARDAVEAU, ma\u00e7on.<\/em><\/p>\n<p>S17<\/p>\n<p>&nbsp;<\/p>\n","protected":false},"excerpt":{"rendered":"<p>Mis \u00e0 jour le : 30\/04\/2026Jean LEGRAND vers 1659 \u2013 entre 1678 et 1681 ma\u00e7on &nbsp; n\u00e9 au Feix (Roy\u00e8re)\u00a0? vers 1659 fils de Antoine LEGRAND \/ Jeanne CAZAUD laboureurs \u25d9 Jean \u00e9pouse Marguerite BARBE le 10 f\u00e9vrier 1673 \u00e0 Saint-Marc-\u00e0 Loubaud (date du \u25bacong\u00e9). Marguerite d\u00e9c\u00e8de au Feix le 28 juillet de la m\u00eame ..<\/p>\n<div class=\"clear-fix\"><\/div>\n<p><a href=\"https:\/\/www.lesmaconsdelacreuse.fr\/annuaires\/lettre-l\/l_956\/\" title=\"Lire la suite...\">Lire la suite<\/a><\/p>\n","protected":false},"author":6,"featured_media":0,"comment_status":"closed","ping_status":"closed","sticky":false,"template":"","format":"standard","meta":{"_acf_changed":false,"_exactmetrics_skip_tracking":false,"_exactmetrics_sitenote_active":false,"_exactmetrics_sitenote_note":"","_exactmetrics_sitenote_category":0,"footnotes":""},"categories":[19],"tags":[],"class_list":["post-7337","post","type-post","status-publish","format-standard","hentry","category-lettre-l"],"acf":[],"_links":{"self":[{"href":"https:\/\/www.lesmaconsdelacreuse.fr\/annuaires\/wp-json\/wp\/v2\/posts\/7337","targetHints":{"allow":["GET"]}}],"collection":[{"href":"https:\/\/www.lesmaconsdelacreuse.fr\/annuaires\/wp-json\/wp\/v2\/posts"}],"about":[{"href":"https:\/\/www.lesmaconsdelacreuse.fr\/annuaires\/wp-json\/wp\/v2\/types\/post"}],"author":[{"embeddable":true,"href":"https:\/\/www.lesmaconsdelacreuse.fr\/annuaires\/wp-json\/wp\/v2\/users\/6"}],"replies":[{"embeddable":true,"href":"https:\/\/www.lesmaconsdelacreuse.fr\/annuaires\/wp-json\/wp\/v2\/comments?post=7337"}],"version-history":[{"count":1,"href":"https:\/\/www.lesmaconsdelacreuse.fr\/annuaires\/wp-json\/wp\/v2\/posts\/7337\/revisions"}],"predecessor-version":[{"id":203407,"href":"https:\/\/www.lesmaconsdelacreuse.fr\/annuaires\/wp-json\/wp\/v2\/posts\/7337\/revisions\/203407"}],"wp:attachment":[{"href":"https:\/\/www.lesmaconsdelacreuse.fr\/annuaires\/wp-json\/wp\/v2\/media?parent=7337"}],"wp:term":[{"taxonomy":"category","embeddable":true,"href":"https:\/\/www.lesmaconsdelacreuse.fr\/annuaires\/wp-json\/wp\/v2\/categories?post=7337"},{"taxonomy":"post_tag","embeddable":true,"href":"https:\/\/www.lesmaconsdelacreuse.fr\/annuaires\/wp-json\/wp\/v2\/tags?post=7337"}],"curies":[{"name":"wp","href":"https:\/\/api.w.org\/{rel}","templated":true}]}}