{"id":7363,"date":"2019-07-28T13:34:17","date_gmt":"2019-07-28T11:34:17","guid":{"rendered":"http:\/\/lesmaconsdelacreuse.fr\/annuaire\/?p=7363"},"modified":"2020-01-20T11:28:50","modified_gmt":"2020-01-20T10:28:50","slug":"l_1341","status":"publish","type":"post","link":"https:\/\/www.lesmaconsdelacreuse.fr\/annuaires\/lettre-l\/l_1341\/","title":{"rendered":"LENOIR Joseph (1901-1952)"},"content":{"rendered":"<p class=\"last-updated\"><strong>Mis \u00e0 jour le :<\/strong> 30\/04\/2026<\/p><h2 style=\"text-align: center;\"><strong>Joseph LENOIR<\/strong><\/h2>\n<p style=\"text-align: center;\"><strong>1901 \u2013 1952<\/strong><\/p>\n<p style=\"text-align: center;\"><img decoding=\"async\" title=\"\" src=\"https:\/\/lesmaconsdelacreuse.fr\/annuaire\/wp-content\/uploads\/2019\/07\/image1-1933.jpg\" alt=\"\" data-source-id=\"i.0\" data-asset-id=\"7361\" \/><\/p>\n<h4 style=\"text-align: center;\"><span style=\"color: #008000;\"><strong>ma\u00e7on<\/strong><\/span><\/h4>\n<p style=\"text-align: center;\">n\u00e9 \u00e0 La Villatte (Saint-Junien-la-Breg\u00e8re)<\/p>\n<p style=\"text-align: center;\">le 19 mars 1901<\/p>\n<p style=\"text-align: center;\">fils de<\/p>\n<p style=\"text-align: center;\">L\u00e9onard LENOIR \/ Jeanne Marie SAURIAT<\/p>\n<p style=\"text-align: center;\">cultivateurs<\/p>\n<p style=\"text-align: center;\"><span style=\"color: #ffffff;\">\u25d9<\/span><\/p>\n<p><em>Joseph \u00e9pouse Jeanne Marie <\/em><strong>DUFOUR<\/strong><em> le 2 avril <\/em><strong>1927<\/strong><em> \u00e0 Saint-Martin-Ch\u00e2teau (mari\u00e9s sans contrat).<\/em><\/p>\n<p><em>La m\u00eame ann\u00e9e<\/em>, il<em> travaille \u00e0 <\/em><span style=\"color: #0000ff;\"><strong>Paris (75)<\/strong><\/span><em>, et loge 38, rue Mouton Duvernet\u00a0;<\/em><\/p>\n<p><strong>en 1928<\/strong><em>, \u00e0 <\/em><span style=\"color: #0000ff;\"><strong>Vanves (92)<\/strong><\/span><em>, 90, rue Sadi Carnot.<\/em><\/p>\n<p><em> Il d\u00e9c\u00e8de \u00e0 Paris 15e le 3 mai <\/em><strong>1952<\/strong><em>, \u00e2g\u00e9 de 51 ans.<\/em><\/p>\n","protected":false},"excerpt":{"rendered":"<p>Mis \u00e0 jour le : 30\/04\/2026Joseph LENOIR 1901 \u2013 1952 ma\u00e7on n\u00e9 \u00e0 La Villatte (Saint-Junien-la-Breg\u00e8re) le 19 mars 1901 fils de L\u00e9onard LENOIR \/ Jeanne Marie SAURIAT cultivateurs \u25d9 Joseph \u00e9pouse Jeanne Marie DUFOUR le 2 avril 1927 \u00e0 Saint-Martin-Ch\u00e2teau (mari\u00e9s sans contrat). La m\u00eame ann\u00e9e, il travaille \u00e0 Paris (75), et loge 38, ..<\/p>\n<div class=\"clear-fix\"><\/div>\n<p><a href=\"https:\/\/www.lesmaconsdelacreuse.fr\/annuaires\/lettre-l\/l_1341\/\" title=\"Lire la suite...\">Lire la suite<\/a><\/p>\n","protected":false},"author":6,"featured_media":0,"comment_status":"closed","ping_status":"closed","sticky":false,"template":"","format":"standard","meta":{"_acf_changed":false,"_exactmetrics_skip_tracking":false,"_exactmetrics_sitenote_active":false,"_exactmetrics_sitenote_note":"","_exactmetrics_sitenote_category":0,"footnotes":""},"categories":[19],"tags":[],"class_list":["post-7363","post","type-post","status-publish","format-standard","hentry","category-lettre-l"],"acf":[],"_links":{"self":[{"href":"https:\/\/www.lesmaconsdelacreuse.fr\/annuaires\/wp-json\/wp\/v2\/posts\/7363","targetHints":{"allow":["GET"]}}],"collection":[{"href":"https:\/\/www.lesmaconsdelacreuse.fr\/annuaires\/wp-json\/wp\/v2\/posts"}],"about":[{"href":"https:\/\/www.lesmaconsdelacreuse.fr\/annuaires\/wp-json\/wp\/v2\/types\/post"}],"author":[{"embeddable":true,"href":"https:\/\/www.lesmaconsdelacreuse.fr\/annuaires\/wp-json\/wp\/v2\/users\/6"}],"replies":[{"embeddable":true,"href":"https:\/\/www.lesmaconsdelacreuse.fr\/annuaires\/wp-json\/wp\/v2\/comments?post=7363"}],"version-history":[{"count":0,"href":"https:\/\/www.lesmaconsdelacreuse.fr\/annuaires\/wp-json\/wp\/v2\/posts\/7363\/revisions"}],"wp:attachment":[{"href":"https:\/\/www.lesmaconsdelacreuse.fr\/annuaires\/wp-json\/wp\/v2\/media?parent=7363"}],"wp:term":[{"taxonomy":"category","embeddable":true,"href":"https:\/\/www.lesmaconsdelacreuse.fr\/annuaires\/wp-json\/wp\/v2\/categories?post=7363"},{"taxonomy":"post_tag","embeddable":true,"href":"https:\/\/www.lesmaconsdelacreuse.fr\/annuaires\/wp-json\/wp\/v2\/tags?post=7363"}],"curies":[{"name":"wp","href":"https:\/\/api.w.org\/{rel}","templated":true}]}}